{"id":9949,"date":"2025-05-15T12:11:36","date_gmt":"2025-05-15T15:11:36","guid":{"rendered":"https:\/\/higiene.edu.uy\/medicina-preventiva\/?p=9949"},"modified":"2025-05-15T12:11:36","modified_gmt":"2025-05-15T15:11:36","slug":"seminario-salud-genero-y-mortalidad-en-uruguay","status":"publish","type":"post","link":"https:\/\/higiene.edu.uy\/medicina-preventiva\/2025\/05\/15\/seminario-salud-genero-y-mortalidad-en-uruguay\/","title":{"rendered":"Seminario: Salud, g\u00e9nero y mortalidad en Uruguay"},"content":{"rendered":"<div>El pasado lunes 12 de mayo se llev\u00f3 a cabo el seminario: \u00abAproximaci\u00f3n a las diferencias de g\u00e9nero en los patrones de mortalidad en Uruguay y desaf\u00edos en la mejora de la calidad de los registros de causa de muerte\u00bb, organizado por la U.A de Medicina Preventiva y Social.La actividad se desarroll\u00f3 en el marco del m\u00f3dulo Salud y Poblaci\u00f3n de la Diplomatura en Salud P\u00fablica, y cont\u00f3 con la participaci\u00f3n de destacados especialistas.<\/p>\n<p>Disertaron el Dr. V\u00edctor Dayan (Prof. Ag. de Cirug\u00eda Card\u00edaca, Doctor en Ciencias Biol\u00f3gicas \u2013 ProInBio) y la Dra. Catalina Torres (Doctora en Ciencias de la Salud por la University of Southern Denmark, docente del Programa de Poblaci\u00f3n de la FCS-Udelar).<br \/>\nLa presentaci\u00f3n estuvo a cargo del Dr. Agust\u00edn Prieto y se cont\u00f3 con la participaci\u00f3n del tutor Prof. Adj. Franco Gonz\u00e1lez Mora.<\/p>\n<\/div>\n<div>Un espacio de reflexi\u00f3n e intercambio acad\u00e9mico en torno a la salud p\u00fablica, con foco en la perspectiva de g\u00e9nero y la calidad de los datos en los sistemas de informaci\u00f3n sanitaria.<\/div>\n<div>\n<div style=\"width: 640px;\" class=\"wp-video\"><!--[if lt IE 9]><script>document.createElement('video');<\/script><![endif]-->\n<video class=\"wp-video-shortcode\" id=\"video-9949-1\" width=\"640\" height=\"361\" preload=\"metadata\" controls=\"controls\"><source type=\"video\/mp4\" src=\"https:\/\/higiene.edu.uy\/medicina-preventiva\/wp-content\/uploads\/sites\/6\/2025\/05\/1000252058.mp4?_=1\" \/><a href=\"https:\/\/higiene.edu.uy\/medicina-preventiva\/wp-content\/uploads\/sites\/6\/2025\/05\/1000252058.mp4\">https:\/\/higiene.edu.uy\/medicina-preventiva\/wp-content\/uploads\/sites\/6\/2025\/05\/1000252058.mp4<\/a><\/video><\/div>\n<p><img fetchpriority=\"high\" decoding=\"async\" class=\"alignnone size-medium wp-image-9951\" src=\"https:\/\/higiene.edu.uy\/medicina-preventiva\/wp-content\/uploads\/sites\/6\/2025\/05\/1000252068-300x225.jpg\" alt=\"\" width=\"300\" height=\"225\" srcset=\"https:\/\/higiene.edu.uy\/medicina-preventiva\/wp-content\/uploads\/sites\/6\/2025\/05\/1000252068-300x225.jpg 300w, https:\/\/higiene.edu.uy\/medicina-preventiva\/wp-content\/uploads\/sites\/6\/2025\/05\/1000252068-1024x768.jpg 1024w, https:\/\/higiene.edu.uy\/medicina-preventiva\/wp-content\/uploads\/sites\/6\/2025\/05\/1000252068-768x576.jpg 768w, https:\/\/higiene.edu.uy\/medicina-preventiva\/wp-content\/uploads\/sites\/6\/2025\/05\/1000252068-1536x1152.jpg 1536w, https:\/\/higiene.edu.uy\/medicina-preventiva\/wp-content\/uploads\/sites\/6\/2025\/05\/1000252068.jpg 1600w\" sizes=\"(max-width: 300px) 100vw, 300px\" \/> <img decoding=\"async\" class=\"alignnone size-medium wp-image-9952\" src=\"https:\/\/higiene.edu.uy\/medicina-preventiva\/wp-content\/uploads\/sites\/6\/2025\/05\/1000252065-300x225.jpg\" alt=\"\" width=\"300\" height=\"225\" srcset=\"https:\/\/higiene.edu.uy\/medicina-preventiva\/wp-content\/uploads\/sites\/6\/2025\/05\/1000252065-300x225.jpg 300w, https:\/\/higiene.edu.uy\/medicina-preventiva\/wp-content\/uploads\/sites\/6\/2025\/05\/1000252065-1024x768.jpg 1024w, https:\/\/higiene.edu.uy\/medicina-preventiva\/wp-content\/uploads\/sites\/6\/2025\/05\/1000252065-768x576.jpg 768w, https:\/\/higiene.edu.uy\/medicina-preventiva\/wp-content\/uploads\/sites\/6\/2025\/05\/1000252065-1536x1152.jpg 1536w, https:\/\/higiene.edu.uy\/medicina-preventiva\/wp-content\/uploads\/sites\/6\/2025\/05\/1000252065.jpg 1600w\" sizes=\"(max-width: 300px) 100vw, 300px\" \/><\/div>\n<div><\/div>\n","protected":false},"excerpt":{"rendered":"<p>El pasado lunes 12 de mayo se llev\u00f3 a cabo el seminario: \u00abAproximaci\u00f3n a las diferencias de g\u00e9nero en los&#8230;<\/p>\n","protected":false},"author":11,"featured_media":9953,"comment_status":"closed","ping_status":"closed","sticky":false,"template":"","format":"standard","meta":{"_acf_changed":false,"footnotes":""},"categories":[1],"tags":[],"class_list":["post-9949","post","type-post","status-publish","format-standard","has-post-thumbnail","hentry","category-departamento-de-medicina-preventiva-y-social"],"acf":[],"_links":{"self":[{"href":"https:\/\/higiene.edu.uy\/medicina-preventiva\/wp-json\/wp\/v2\/posts\/9949","targetHints":{"allow":["GET"]}}],"collection":[{"href":"https:\/\/higiene.edu.uy\/medicina-preventiva\/wp-json\/wp\/v2\/posts"}],"about":[{"href":"https:\/\/higiene.edu.uy\/medicina-preventiva\/wp-json\/wp\/v2\/types\/post"}],"author":[{"embeddable":true,"href":"https:\/\/higiene.edu.uy\/medicina-preventiva\/wp-json\/wp\/v2\/users\/11"}],"replies":[{"embeddable":true,"href":"https:\/\/higiene.edu.uy\/medicina-preventiva\/wp-json\/wp\/v2\/comments?post=9949"}],"version-history":[{"count":1,"href":"https:\/\/higiene.edu.uy\/medicina-preventiva\/wp-json\/wp\/v2\/posts\/9949\/revisions"}],"predecessor-version":[{"id":9955,"href":"https:\/\/higiene.edu.uy\/medicina-preventiva\/wp-json\/wp\/v2\/posts\/9949\/revisions\/9955"}],"wp:featuredmedia":[{"embeddable":true,"href":"https:\/\/higiene.edu.uy\/medicina-preventiva\/wp-json\/wp\/v2\/media\/9953"}],"wp:attachment":[{"href":"https:\/\/higiene.edu.uy\/medicina-preventiva\/wp-json\/wp\/v2\/media?parent=9949"}],"wp:term":[{"taxonomy":"category","embeddable":true,"href":"https:\/\/higiene.edu.uy\/medicina-preventiva\/wp-json\/wp\/v2\/categories?post=9949"},{"taxonomy":"post_tag","embeddable":true,"href":"https:\/\/higiene.edu.uy\/medicina-preventiva\/wp-json\/wp\/v2\/tags?post=9949"}],"curies":[{"name":"wp","href":"https:\/\/api.w.org\/{rel}","templated":true}]}}