{"id":9911,"date":"2025-03-24T12:18:58","date_gmt":"2025-03-24T15:18:58","guid":{"rendered":"https:\/\/higiene.edu.uy\/medicina-preventiva\/?p=9911"},"modified":"2025-03-24T12:20:22","modified_gmt":"2025-03-24T15:20:22","slug":"webinarformaciondelafuerza","status":"publish","type":"post","link":"https:\/\/higiene.edu.uy\/medicina-preventiva\/2025\/03\/24\/webinarformaciondelafuerza\/","title":{"rendered":"Webinar \u2013 Formaci\u00f3n de la Fuerza de Trabajo de la Atenci\u00f3n Primaria de Salud en Am\u00e9rica Latina"},"content":{"rendered":"<div class=\"gmail_quote\">\n<div dir=\"ltr\">\n<div>RESP organiza webinario internacional sobre la formaci\u00f3n de la fuerza de trabajo de la Atenci\u00f3n Primaria de Salud en Am\u00e9rica Latina<\/div>\n<div>El 27 de marzo de 2025, la Red de Escuelas de Salud P\u00fablica de Am\u00e9rica Latina (RESP), cuya secretar\u00eda ejecutiva es ejercida por la Escuela Nacional de Salud P\u00fablica Sergio Arouca\/Fiocruz, realizar\u00e1 el webinario internacional \u00abLa Formaci\u00f3n de la Fuerza de Trabajo de la Atenci\u00f3n Primaria de Salud en Am\u00e9rica Latina\u00bb. El evento ser\u00e1 transmitido en vivo a trav\u00e9s de YouTube en el canal\u00a0<a id=\"m_6122768604325500354m_-961283780150963903OWA66f20b88-e208-05d6-76e6-97d75f5d5841\" title=\"https:\/\/www.youtube.com\/c\/RESPAm%C3%A9ricaLatina\" href=\"https:\/\/www.youtube.com\/c\/RESPAm%C3%A9ricaLatina\" target=\"_blank\" rel=\"noopener noreferrer\" data-saferedirecturl=\"https:\/\/www.google.com\/url?q=https:\/\/www.youtube.com\/c\/RESPAm%25C3%25A9ricaLatina&amp;source=gmail&amp;ust=1742907222150000&amp;usg=AOvVaw3Ttdltnbq7TkIrF9NmJztG\">RESPAm\u00e9ricaLatina<\/a>, de 10:00 a 17:00 (hora de Brasilia, GMT-3).<\/div>\n<div>El webinario reunir\u00e1 a especialistas, gestores, acad\u00e9micos y profesionales de la salud de Am\u00e9rica Latina para debatir los desaf\u00edos y perspectivas para el fortalecimiento de la formaci\u00f3n de la fuerza de trabajo de la Atenci\u00f3n Primaria de Salud (APS) en la regi\u00f3n. Se abordar\u00e1n temas clave como la regulaci\u00f3n de la formaci\u00f3n profesional para la APS, la provisi\u00f3n de trabajadores de la APS en los distintos contextos de los sistemas de salud latinoamericanos y la necesidad de innovaciones en las metodolog\u00edas de ense\u00f1anza y aprendizaje para responder a las demandas emergentes del sector.El Vicedirector de la Escuela de Gobierno en Salud de la ENSP\/Fiocruz y coordinador del Observatorio del Sistema \u00danico de Salud (SUS), Eduardo Alves Melo, destaca que el evento es el resultado de una prioridad estrat\u00e9gica de la Red de Escuelas de Salud P\u00fablica de Am\u00e9rica Latina y fue concebido tras un diagn\u00f3stico de la situaci\u00f3n de la APS en la regi\u00f3n:<\/div>\n<div>\n<p>\u00abDecidimos, en conjunto, priorizar la formaci\u00f3n en y para la APS, teniendo en cuenta no solo sus aspectos t\u00e9cnicos y pedag\u00f3gicos, sino tambi\u00e9n su conexi\u00f3n con el mundo del trabajo y la organizaci\u00f3n de los sistemas de salud. Esta idea orient\u00f3 la planificaci\u00f3n del seminario, que re\u00fane a actores de diferentes regiones e instituciones latinoamericanas. Esperamos, de esta manera, profundizar los debates, compartir experiencias y proponer caminos para las pol\u00edticas y estrategias de formaci\u00f3n dirigidas a la APS en los sistemas p\u00fablicos de salud\u00bb, reflexiona.<\/p>\n<\/div>\n<div>\n<p>El evento es abierto al p\u00fablico y gratuito. Los interesados pueden seguir la transmisi\u00f3n en vivo a trav\u00e9s del canal de YouTube de la RESP: <a id=\"m_6122768604325500354m_-961283780150963903OWA069f3a05-58d7-14a7-646d-63ed1143b2f8\" class=\"swipebox\" title=\"https:\/\/www.youtube.com\/RESPAMERICALATINA\" href=\"https:\/\/www.youtube.com\/RESPAMERICALATINA\" target=\"_blank\" rel=\"noopener noreferrer\" data-rel=\"lightbox-video-0\" data-saferedirecturl=\"https:\/\/www.google.com\/url?q=https:\/\/www.youtube.com\/RESPAMERICALATINA&amp;source=gmail&amp;ust=1742907222150000&amp;usg=AOvVaw0Hbks1Qi09rwRfnTvr6NLF\">RESPAMERICALATINA<\/a>.<\/p>\n<\/div>\n<div><strong>Fecha:\u00a027 de marzo de 2025\u00a0<\/strong><br \/>\n<strong>Horario:\u00a010:00 a 17:00 (hora de Brasilia, GMT-3)\u00a0<\/strong><\/div>\n<div><strong>Transmisi\u00f3n:\u00a0YouTube \u2013\u00a0<a id=\"m_6122768604325500354m_-961283780150963903OWA9757f932-391c-faef-4f12-dab89cd41bfd\" class=\"swipebox\" title=\"https:\/\/www.youtube.com\/RESPAMERICALATINA\" href=\"https:\/\/www.youtube.com\/RESPAMERICALATINA\" target=\"_blank\" rel=\"noopener noreferrer\" data-rel=\"lightbox-video-1\" data-saferedirecturl=\"https:\/\/www.google.com\/url?q=https:\/\/www.youtube.com\/RESPAMERICALATINA&amp;source=gmail&amp;ust=1742907222150000&amp;usg=AOvVaw0Hbks1Qi09rwRfnTvr6NLF\">RESPAMERICALATINA<\/a>\u00a0<\/strong><\/div>\n<div><b>\u00a0+\u00a0<a id=\"m_6122768604325500354m_-961283780150963903OWAaebe6b92-7cdf-0ae0-4d57-11c2661f1ae0\" title=\"https:\/\/respal.ensp.fiocruz.br\/es\/resp-organiza-webinario-internacional-sobre-la-formacion-de-la-fuerza-de-trabajo-de-la-atencion\" href=\"https:\/\/respal.ensp.fiocruz.br\/es\/resp-organiza-webinario-internacional-sobre-la-formacion-de-la-fuerza-de-trabajo-de-la-atencion\" target=\"_blank\" rel=\"noopener noreferrer\" data-saferedirecturl=\"https:\/\/www.google.com\/url?q=https:\/\/respal.ensp.fiocruz.br\/es\/resp-organiza-webinario-internacional-sobre-la-formacion-de-la-fuerza-de-trabajo-de-la-atencion&amp;source=gmail&amp;ust=1742907222150000&amp;usg=AOvVaw0hBwKXn8iXXPAGpo6-uKr-\">https:\/\/respal.ensp.fiocruz.br\/es\/resp-organiza-webinario-internacional-sobre-la-formacion-de-la-fuerza-de-trabajo-de-la-atencion<\/a><\/b><\/div>\n<\/div>\n<\/div>\n<div class=\"edubin-tag-social-share-wrapper\">\n<div class=\"edubin-tag-social-share edubin-row\">\n<div class=\"edubin-col-md-12 tags-social-full-width\">\n<div class=\"edubin-social-share has-text-align-right\">\n<div class=\"entry-post-share\">\n<div class=\"post-share style-01\"><\/div>\n<\/div>\n<\/div>\n<\/div>\n<\/div>\n<\/div>\n","protected":false},"excerpt":{"rendered":"<p>RESP organiza webinario internacional sobre la formaci\u00f3n de la fuerza de trabajo de la Atenci\u00f3n Primaria de Salud en Am\u00e9rica&#8230;<\/p>\n","protected":false},"author":11,"featured_media":9912,"comment_status":"closed","ping_status":"closed","sticky":false,"template":"","format":"standard","meta":{"_acf_changed":false,"footnotes":""},"categories":[1],"tags":[],"class_list":["post-9911","post","type-post","status-publish","format-standard","has-post-thumbnail","hentry","category-departamento-de-medicina-preventiva-y-social"],"acf":[],"_links":{"self":[{"href":"https:\/\/higiene.edu.uy\/medicina-preventiva\/wp-json\/wp\/v2\/posts\/9911","targetHints":{"allow":["GET"]}}],"collection":[{"href":"https:\/\/higiene.edu.uy\/medicina-preventiva\/wp-json\/wp\/v2\/posts"}],"about":[{"href":"https:\/\/higiene.edu.uy\/medicina-preventiva\/wp-json\/wp\/v2\/types\/post"}],"author":[{"embeddable":true,"href":"https:\/\/higiene.edu.uy\/medicina-preventiva\/wp-json\/wp\/v2\/users\/11"}],"replies":[{"embeddable":true,"href":"https:\/\/higiene.edu.uy\/medicina-preventiva\/wp-json\/wp\/v2\/comments?post=9911"}],"version-history":[{"count":3,"href":"https:\/\/higiene.edu.uy\/medicina-preventiva\/wp-json\/wp\/v2\/posts\/9911\/revisions"}],"predecessor-version":[{"id":9915,"href":"https:\/\/higiene.edu.uy\/medicina-preventiva\/wp-json\/wp\/v2\/posts\/9911\/revisions\/9915"}],"wp:featuredmedia":[{"embeddable":true,"href":"https:\/\/higiene.edu.uy\/medicina-preventiva\/wp-json\/wp\/v2\/media\/9912"}],"wp:attachment":[{"href":"https:\/\/higiene.edu.uy\/medicina-preventiva\/wp-json\/wp\/v2\/media?parent=9911"}],"wp:term":[{"taxonomy":"category","embeddable":true,"href":"https:\/\/higiene.edu.uy\/medicina-preventiva\/wp-json\/wp\/v2\/categories?post=9911"},{"taxonomy":"post_tag","embeddable":true,"href":"https:\/\/higiene.edu.uy\/medicina-preventiva\/wp-json\/wp\/v2\/tags?post=9911"}],"curies":[{"name":"wp","href":"https:\/\/api.w.org\/{rel}","templated":true}]}}