{"id":9315,"date":"2023-02-16T11:45:46","date_gmt":"2023-02-16T14:45:46","guid":{"rendered":"https:\/\/higiene.edu.uy\/medicina-preventiva\/?p=9315"},"modified":"2023-03-02T15:17:53","modified_gmt":"2023-03-02T18:17:53","slug":"curso-introduccion-a-la-evaluacion-de-tecnologias-sanitarias-edicion-2023","status":"publish","type":"post","link":"https:\/\/higiene.edu.uy\/medicina-preventiva\/2023\/02\/16\/curso-introduccion-a-la-evaluacion-de-tecnologias-sanitarias-edicion-2023\/","title":{"rendered":"Pr\u00f3rroga de inscripci\u00f3n hasta el 10 de marzo al Curso Introducci\u00f3n a la evaluaci\u00f3n de tecnolog\u00edas sanitarias &#8211; edici\u00f3n 2023"},"content":{"rendered":"\n<p>Duraci\u00f3n:  30 horas, modalidad a distancia asincr\u00f3nica con 2 talleres presenciales. (m\u00e9todo de inscripci\u00f3n con c\u00f3digo qr en la invitaci\u00f3n del siguiente link)<\/p>\n\n\n\n<p><a rel=\"noreferrer noopener\" href=\"https:\/\/higiene.edu.uy\/medicina-preventiva\/wp-content\/uploads\/sites\/6\/2023\/02\/Flyer-curso-ETS-2023.pdf\" target=\"_blank\">Link a la invitaci\u00f3n.<\/a><\/p>\n","protected":false},"excerpt":{"rendered":"<p>Duraci\u00f3n: 30 horas, modalidad a distancia asincr\u00f3nica con 2 talleres presenciales. (m\u00e9todo de inscripci\u00f3n con c\u00f3digo qr en la invitaci\u00f3n&#8230;<\/p>\n","protected":false},"author":5,"featured_media":9322,"comment_status":"closed","ping_status":"closed","sticky":false,"template":"","format":"standard","meta":{"_acf_changed":false,"footnotes":""},"categories":[1],"tags":[],"class_list":["post-9315","post","type-post","status-publish","format-standard","has-post-thumbnail","hentry","category-departamento-de-medicina-preventiva-y-social"],"acf":[],"_links":{"self":[{"href":"https:\/\/higiene.edu.uy\/medicina-preventiva\/wp-json\/wp\/v2\/posts\/9315","targetHints":{"allow":["GET"]}}],"collection":[{"href":"https:\/\/higiene.edu.uy\/medicina-preventiva\/wp-json\/wp\/v2\/posts"}],"about":[{"href":"https:\/\/higiene.edu.uy\/medicina-preventiva\/wp-json\/wp\/v2\/types\/post"}],"author":[{"embeddable":true,"href":"https:\/\/higiene.edu.uy\/medicina-preventiva\/wp-json\/wp\/v2\/users\/5"}],"replies":[{"embeddable":true,"href":"https:\/\/higiene.edu.uy\/medicina-preventiva\/wp-json\/wp\/v2\/comments?post=9315"}],"version-history":[{"count":8,"href":"https:\/\/higiene.edu.uy\/medicina-preventiva\/wp-json\/wp\/v2\/posts\/9315\/revisions"}],"predecessor-version":[{"id":9336,"href":"https:\/\/higiene.edu.uy\/medicina-preventiva\/wp-json\/wp\/v2\/posts\/9315\/revisions\/9336"}],"wp:featuredmedia":[{"embeddable":true,"href":"https:\/\/higiene.edu.uy\/medicina-preventiva\/wp-json\/wp\/v2\/media\/9322"}],"wp:attachment":[{"href":"https:\/\/higiene.edu.uy\/medicina-preventiva\/wp-json\/wp\/v2\/media?parent=9315"}],"wp:term":[{"taxonomy":"category","embeddable":true,"href":"https:\/\/higiene.edu.uy\/medicina-preventiva\/wp-json\/wp\/v2\/categories?post=9315"},{"taxonomy":"post_tag","embeddable":true,"href":"https:\/\/higiene.edu.uy\/medicina-preventiva\/wp-json\/wp\/v2\/tags?post=9315"}],"curies":[{"name":"wp","href":"https:\/\/api.w.org\/{rel}","templated":true}]}}