{"id":9217,"date":"2022-08-05T15:05:42","date_gmt":"2022-08-05T18:05:42","guid":{"rendered":"https:\/\/higiene.edu.uy\/medicina-preventiva\/?p=9217"},"modified":"2022-08-05T19:23:13","modified_gmt":"2022-08-05T22:23:13","slug":"realizacion-de-talleres-con-equipos-de-referencia-en-vbgg-de-asse","status":"publish","type":"post","link":"https:\/\/higiene.edu.uy\/medicina-preventiva\/2022\/08\/05\/realizacion-de-talleres-con-equipos-de-referencia-en-vbgg-de-asse\/","title":{"rendered":"Talleres con Equipos de referencia en VBGG de ASSE"},"content":{"rendered":"\n<p>Actividad realizada por parte del equipo de la Unidad Sociolog\u00eda de la Salud<\/p>\n\n\n\n<p>En el marco del proyecto \u201cDesaf\u00edos y oportunidades para la prevenci\u00f3n, detecci\u00f3n y abordaje de la VBG en contexto de pandemia por COVID-19. Diagn\u00f3stico y dise\u00f1o de intervenci\u00f3n en ASSE\u201d, la Unidad Sociolog\u00eda de la Salud (DMPyS, FMED, Udelar) realiz\u00f3 talleres con integrantes de los equipos de referencia en VBGG de ASSE.&nbsp;<\/p>\n\n\n\n<p>La actividad tuvo por objetivo aproximarnos a la experiencia de trabajo de los equipos de referencia en VGB, indagando especialmente sus percepciones sobre: los procedimientos para la atenci\u00f3n cl\u00ednica y el seguimiento de situaciones de VBG, sus valoraciones sobre los protocolos y gu\u00edas de actuaci\u00f3n, las dificultades y desaf\u00edos para la prevenci\u00f3n y detecci\u00f3n de estas situaciones, en tres contextos: a) pre-pandemia, b) pandemia y c) post-pandemia.<br>El estudio fue seleccionado para su apoyo financiero por la CSIC en el llamado a proyectos de inclusi\u00f3n social modalidad corto plazo, 2021.&nbsp;<\/p>\n\n\n\n<p><\/p>\n","protected":false},"excerpt":{"rendered":"<p>Actividad realizada por parte del equipo de la Unidad Sociolog\u00eda de la Salud En el marco del proyecto \u201cDesaf\u00edos y&#8230;<\/p>\n","protected":false},"author":5,"featured_media":9225,"comment_status":"closed","ping_status":"closed","sticky":false,"template":"","format":"standard","meta":{"_acf_changed":false,"footnotes":""},"categories":[1],"tags":[],"class_list":["post-9217","post","type-post","status-publish","format-standard","has-post-thumbnail","hentry","category-departamento-de-medicina-preventiva-y-social"],"acf":[],"_links":{"self":[{"href":"https:\/\/higiene.edu.uy\/medicina-preventiva\/wp-json\/wp\/v2\/posts\/9217","targetHints":{"allow":["GET"]}}],"collection":[{"href":"https:\/\/higiene.edu.uy\/medicina-preventiva\/wp-json\/wp\/v2\/posts"}],"about":[{"href":"https:\/\/higiene.edu.uy\/medicina-preventiva\/wp-json\/wp\/v2\/types\/post"}],"author":[{"embeddable":true,"href":"https:\/\/higiene.edu.uy\/medicina-preventiva\/wp-json\/wp\/v2\/users\/5"}],"replies":[{"embeddable":true,"href":"https:\/\/higiene.edu.uy\/medicina-preventiva\/wp-json\/wp\/v2\/comments?post=9217"}],"version-history":[{"count":8,"href":"https:\/\/higiene.edu.uy\/medicina-preventiva\/wp-json\/wp\/v2\/posts\/9217\/revisions"}],"predecessor-version":[{"id":9232,"href":"https:\/\/higiene.edu.uy\/medicina-preventiva\/wp-json\/wp\/v2\/posts\/9217\/revisions\/9232"}],"wp:featuredmedia":[{"embeddable":true,"href":"https:\/\/higiene.edu.uy\/medicina-preventiva\/wp-json\/wp\/v2\/media\/9225"}],"wp:attachment":[{"href":"https:\/\/higiene.edu.uy\/medicina-preventiva\/wp-json\/wp\/v2\/media?parent=9217"}],"wp:term":[{"taxonomy":"category","embeddable":true,"href":"https:\/\/higiene.edu.uy\/medicina-preventiva\/wp-json\/wp\/v2\/categories?post=9217"},{"taxonomy":"post_tag","embeddable":true,"href":"https:\/\/higiene.edu.uy\/medicina-preventiva\/wp-json\/wp\/v2\/tags?post=9217"}],"curies":[{"name":"wp","href":"https:\/\/api.w.org\/{rel}","templated":true}]}}