{"id":10247,"date":"2026-03-26T10:58:19","date_gmt":"2026-03-26T13:58:19","guid":{"rendered":"https:\/\/higiene.edu.uy\/medicina-preventiva\/?p=10247"},"modified":"2026-03-26T10:58:19","modified_gmt":"2026-03-26T13:58:19","slug":"defensa-de-tesis-de-posgrado-en-epidemiologia-dra-alejandra-nelly-croci-gonzalez","status":"publish","type":"post","link":"https:\/\/higiene.edu.uy\/medicina-preventiva\/2026\/03\/26\/defensa-de-tesis-de-posgrado-en-epidemiologia-dra-alejandra-nelly-croci-gonzalez\/","title":{"rendered":"Defensa de tesis de Posgrado en epidemiolog\u00eda Dra. Alejandra Nelly Croci Gonz\u00e1lez"},"content":{"rendered":"<p>La Unidad Acad\u00e9mica de Medicina Preventiva y Social los invita a participar de la defensa de posgrado en epidemiolog\u00eda de la Dra. Alejandra Nelly Croci Gonz\u00e1lez, titulado \u201c<i>Herramientas de priorizaci\u00f3n para la Evaluaci\u00f3n de Tecnolog\u00edas Sanitarias en Iberoam\u00e9rica y Canad\u00e1<\/i>\u201d, en el que aborda herramientas clave para la toma de decisiones en salud y la optimizaci\u00f3n de recursos en los sistemas sanitarios.<\/p>\n<p>La monograf\u00eda cuenta con la tutor\u00eda de la Prof. Dra. Alicia Alem\u00e1n, y ser\u00e1 evaluada por un tribunal integrado por Dr. Javier Pintos, Dra. Ana P\u00e9rez y Dr. Oscar Gianneo.<\/p>\n<p><img decoding=\"async\" class=\"an1\" src=\"https:\/\/fonts.gstatic.com\/s\/e\/notoemoji\/17.0\/1f4c5\/32.png\" alt=\"&#x1f4c5;\" data-emoji=\"&#x1f4c5;\" aria-label=\"&#x1f4c5;\" \/>\u00a0Fecha: Lunes 20 de abril de 2026<br \/>\n<img decoding=\"async\" class=\"an1\" src=\"https:\/\/fonts.gstatic.com\/s\/e\/notoemoji\/17.0\/1f560\/32.png\" alt=\"&#x1f560;\" data-emoji=\"&#x1f560;\" aria-label=\"&#x1f560;\" \/>\u00a0Hora: 17:30<br \/>\n<img decoding=\"async\" class=\"an1\" src=\"https:\/\/fonts.gstatic.com\/s\/e\/notoemoji\/17.0\/1f4cd\/32.png\" alt=\"&#x1f4cd;\" data-emoji=\"&#x1f4cd;\" aria-label=\"&#x1f4cd;\" \/>\u00a0Lugar: Sal\u00f3n A \u2013 3er piso \u2013 Unidad Acad\u00e9mica de Medicina Preventiva y Social, Instituto de Higiene (Av. Dr. Alfredo Navarro 3051)<\/p>\n<p>Se trata de una instancia acad\u00e9mica abierta que aporta al intercambio y la formaci\u00f3n en salud p\u00fablica. Invitamos a estudiantes, docentes y p\u00fablico interesado a acompa\u00f1ar esta defensa.<\/p>\n","protected":false},"excerpt":{"rendered":"<p>La Unidad Acad\u00e9mica de Medicina Preventiva y Social los invita a participar de la defensa de posgrado en epidemiolog\u00eda de&#8230;<\/p>\n","protected":false},"author":11,"featured_media":10248,"comment_status":"closed","ping_status":"closed","sticky":false,"template":"","format":"standard","meta":{"_acf_changed":false,"footnotes":""},"categories":[1],"tags":[],"class_list":["post-10247","post","type-post","status-publish","format-standard","has-post-thumbnail","hentry","category-departamento-de-medicina-preventiva-y-social"],"acf":[],"_links":{"self":[{"href":"https:\/\/higiene.edu.uy\/medicina-preventiva\/wp-json\/wp\/v2\/posts\/10247","targetHints":{"allow":["GET"]}}],"collection":[{"href":"https:\/\/higiene.edu.uy\/medicina-preventiva\/wp-json\/wp\/v2\/posts"}],"about":[{"href":"https:\/\/higiene.edu.uy\/medicina-preventiva\/wp-json\/wp\/v2\/types\/post"}],"author":[{"embeddable":true,"href":"https:\/\/higiene.edu.uy\/medicina-preventiva\/wp-json\/wp\/v2\/users\/11"}],"replies":[{"embeddable":true,"href":"https:\/\/higiene.edu.uy\/medicina-preventiva\/wp-json\/wp\/v2\/comments?post=10247"}],"version-history":[{"count":1,"href":"https:\/\/higiene.edu.uy\/medicina-preventiva\/wp-json\/wp\/v2\/posts\/10247\/revisions"}],"predecessor-version":[{"id":10249,"href":"https:\/\/higiene.edu.uy\/medicina-preventiva\/wp-json\/wp\/v2\/posts\/10247\/revisions\/10249"}],"wp:featuredmedia":[{"embeddable":true,"href":"https:\/\/higiene.edu.uy\/medicina-preventiva\/wp-json\/wp\/v2\/media\/10248"}],"wp:attachment":[{"href":"https:\/\/higiene.edu.uy\/medicina-preventiva\/wp-json\/wp\/v2\/media?parent=10247"}],"wp:term":[{"taxonomy":"category","embeddable":true,"href":"https:\/\/higiene.edu.uy\/medicina-preventiva\/wp-json\/wp\/v2\/categories?post=10247"},{"taxonomy":"post_tag","embeddable":true,"href":"https:\/\/higiene.edu.uy\/medicina-preventiva\/wp-json\/wp\/v2\/tags?post=10247"}],"curies":[{"name":"wp","href":"https:\/\/api.w.org\/{rel}","templated":true}]}}