{"id":10242,"date":"2026-03-13T09:21:45","date_gmt":"2026-03-13T12:21:45","guid":{"rendered":"https:\/\/higiene.edu.uy\/medicina-preventiva\/?p=10242"},"modified":"2026-03-13T11:49:59","modified_gmt":"2026-03-13T14:49:59","slug":"curso-introduccion-a-la-evaluacion-de-tecnologias-sanitarias-ets","status":"publish","type":"post","link":"https:\/\/higiene.edu.uy\/medicina-preventiva\/2026\/03\/13\/curso-introduccion-a-la-evaluacion-de-tecnologias-sanitarias-ets\/","title":{"rendered":"Curso: Introducci\u00f3n a la Evaluaci\u00f3n de Tecnolog\u00edas Sanitarias (ETS)"},"content":{"rendered":"<p>La Unidad Acad\u00e9mica de Medicina Preventiva y Social en conjunto con la Unidad de Evaluaci\u00f3n de Tecnolog\u00edas Sanitarias (UETS) los invita a participar en el curso\u00a0<i>\u201cIntroducci\u00f3n a la Evaluaci\u00f3n de Tecnolog\u00edas Sanitarias (ETS): Etapas, eficacia, seguridad y aspectos econ\u00f3micos \u2013 2026\u201d.<\/i><\/p>\n<p>El curso es de modalidad h\u00edbrida para quienes deseen hacerlo presencial se realizar\u00e1 en Sala Dr. Elbio Gezuele, piso 2 del Instituto de Higiene.<\/p>\n<p>&nbsp;<\/p>\n","protected":false},"excerpt":{"rendered":"<p>La Unidad Acad\u00e9mica de Medicina Preventiva y Social en conjunto con la Unidad de Evaluaci\u00f3n de Tecnolog\u00edas Sanitarias (UETS) los&#8230;<\/p>\n","protected":false},"author":11,"featured_media":10243,"comment_status":"closed","ping_status":"closed","sticky":false,"template":"","format":"standard","meta":{"_acf_changed":false,"footnotes":""},"categories":[1],"tags":[],"class_list":["post-10242","post","type-post","status-publish","format-standard","has-post-thumbnail","hentry","category-departamento-de-medicina-preventiva-y-social"],"acf":[],"_links":{"self":[{"href":"https:\/\/higiene.edu.uy\/medicina-preventiva\/wp-json\/wp\/v2\/posts\/10242","targetHints":{"allow":["GET"]}}],"collection":[{"href":"https:\/\/higiene.edu.uy\/medicina-preventiva\/wp-json\/wp\/v2\/posts"}],"about":[{"href":"https:\/\/higiene.edu.uy\/medicina-preventiva\/wp-json\/wp\/v2\/types\/post"}],"author":[{"embeddable":true,"href":"https:\/\/higiene.edu.uy\/medicina-preventiva\/wp-json\/wp\/v2\/users\/11"}],"replies":[{"embeddable":true,"href":"https:\/\/higiene.edu.uy\/medicina-preventiva\/wp-json\/wp\/v2\/comments?post=10242"}],"version-history":[{"count":2,"href":"https:\/\/higiene.edu.uy\/medicina-preventiva\/wp-json\/wp\/v2\/posts\/10242\/revisions"}],"predecessor-version":[{"id":10245,"href":"https:\/\/higiene.edu.uy\/medicina-preventiva\/wp-json\/wp\/v2\/posts\/10242\/revisions\/10245"}],"wp:featuredmedia":[{"embeddable":true,"href":"https:\/\/higiene.edu.uy\/medicina-preventiva\/wp-json\/wp\/v2\/media\/10243"}],"wp:attachment":[{"href":"https:\/\/higiene.edu.uy\/medicina-preventiva\/wp-json\/wp\/v2\/media?parent=10242"}],"wp:term":[{"taxonomy":"category","embeddable":true,"href":"https:\/\/higiene.edu.uy\/medicina-preventiva\/wp-json\/wp\/v2\/categories?post=10242"},{"taxonomy":"post_tag","embeddable":true,"href":"https:\/\/higiene.edu.uy\/medicina-preventiva\/wp-json\/wp\/v2\/tags?post=10242"}],"curies":[{"name":"wp","href":"https:\/\/api.w.org\/{rel}","templated":true}]}}