{"id":10238,"date":"2026-03-12T14:50:56","date_gmt":"2026-03-12T17:50:56","guid":{"rendered":"https:\/\/higiene.edu.uy\/medicina-preventiva\/?p=10238"},"modified":"2026-03-12T14:50:56","modified_gmt":"2026-03-12T17:50:56","slug":"webinar-la-inteligencia-artificial-en-la-salud-publica-desafios-y-oportunidades","status":"publish","type":"post","link":"https:\/\/higiene.edu.uy\/medicina-preventiva\/2026\/03\/12\/webinar-la-inteligencia-artificial-en-la-salud-publica-desafios-y-oportunidades\/","title":{"rendered":"Webinar | La Inteligencia Artificial en la Salud P\u00fablica: Desaf\u00edos y Oportunidades"},"content":{"rendered":"<p>La Unidad Acad\u00e9mica de Medicina Preventiva y Social los invita a participar de este webinar internacional que abordar\u00e1 el impacto, los desaf\u00edos y las oportunidades que plantea la inteligencia artificial para la salud p\u00fablica.<\/p>\n<div>\nTransmisi\u00f3n en el canal de YouTube institucional\u00a0 <a href=\"https:\/\/www.youtube.com\/@Instituto-de-Higiene-FM\/streams\" target=\"_blank\" rel=\"noopener\" data-saferedirecturl=\"https:\/\/www.google.com\/url?q=https:\/\/www.youtube.com\/@Instituto-de-Higiene-FM\/streams&amp;source=gmail&amp;ust=1773419188437000&amp;usg=AOvVaw2BKiZ7HlgRqdxafqX2i9qf\">https:\/\/www.youtube.com\/@Instituto-de-Higiene-FM\/streams<\/a><\/p>\n<p>Consultas a\u00a0<a href=\"mailto:prevysoc@higiene.edu.uy\" target=\"_blank\" rel=\"noopener\">prevysoc@higiene.edu.uy<\/a>.<br \/>\n<i>Webinar es organizado por la Prof. Dra. Alicia Alem\u00e1n y la Prof. Dra. Helda Pinz\u00f3n-P\u00e9rez.<\/i><\/div>\n","protected":false},"excerpt":{"rendered":"<p>La Unidad Acad\u00e9mica de Medicina Preventiva y Social los invita a participar de este webinar internacional que abordar\u00e1 el impacto,&#8230;<\/p>\n","protected":false},"author":11,"featured_media":10239,"comment_status":"closed","ping_status":"closed","sticky":false,"template":"","format":"standard","meta":{"_acf_changed":false,"footnotes":""},"categories":[1],"tags":[],"class_list":["post-10238","post","type-post","status-publish","format-standard","has-post-thumbnail","hentry","category-departamento-de-medicina-preventiva-y-social"],"acf":[],"_links":{"self":[{"href":"https:\/\/higiene.edu.uy\/medicina-preventiva\/wp-json\/wp\/v2\/posts\/10238","targetHints":{"allow":["GET"]}}],"collection":[{"href":"https:\/\/higiene.edu.uy\/medicina-preventiva\/wp-json\/wp\/v2\/posts"}],"about":[{"href":"https:\/\/higiene.edu.uy\/medicina-preventiva\/wp-json\/wp\/v2\/types\/post"}],"author":[{"embeddable":true,"href":"https:\/\/higiene.edu.uy\/medicina-preventiva\/wp-json\/wp\/v2\/users\/11"}],"replies":[{"embeddable":true,"href":"https:\/\/higiene.edu.uy\/medicina-preventiva\/wp-json\/wp\/v2\/comments?post=10238"}],"version-history":[{"count":1,"href":"https:\/\/higiene.edu.uy\/medicina-preventiva\/wp-json\/wp\/v2\/posts\/10238\/revisions"}],"predecessor-version":[{"id":10240,"href":"https:\/\/higiene.edu.uy\/medicina-preventiva\/wp-json\/wp\/v2\/posts\/10238\/revisions\/10240"}],"wp:featuredmedia":[{"embeddable":true,"href":"https:\/\/higiene.edu.uy\/medicina-preventiva\/wp-json\/wp\/v2\/media\/10239"}],"wp:attachment":[{"href":"https:\/\/higiene.edu.uy\/medicina-preventiva\/wp-json\/wp\/v2\/media?parent=10238"}],"wp:term":[{"taxonomy":"category","embeddable":true,"href":"https:\/\/higiene.edu.uy\/medicina-preventiva\/wp-json\/wp\/v2\/categories?post=10238"},{"taxonomy":"post_tag","embeddable":true,"href":"https:\/\/higiene.edu.uy\/medicina-preventiva\/wp-json\/wp\/v2\/tags?post=10238"}],"curies":[{"name":"wp","href":"https:\/\/api.w.org\/{rel}","templated":true}]}}