{"id":10231,"date":"2026-03-06T10:38:24","date_gmt":"2026-03-06T13:38:24","guid":{"rendered":"https:\/\/higiene.edu.uy\/medicina-preventiva\/?p=10231"},"modified":"2026-03-06T10:39:08","modified_gmt":"2026-03-06T13:39:08","slug":"presentacion-del-programa-de-colaboracion-udelar-fiocruz-para-la-formacion-de-recursos-humanos-de-salud-en-la-frontera-brasil-uruguay","status":"publish","type":"post","link":"https:\/\/higiene.edu.uy\/medicina-preventiva\/2026\/03\/06\/presentacion-del-programa-de-colaboracion-udelar-fiocruz-para-la-formacion-de-recursos-humanos-de-salud-en-la-frontera-brasil-uruguay\/","title":{"rendered":"Presentaci\u00f3n del programa de colaboraci\u00f3n Udelar-FioCruz para la formaci\u00f3n de recursos humanos de Salud en la Frontera Brasil-Uruguay."},"content":{"rendered":"<div>La\u00a0Prof. Dr. Alicia Alem\u00e1n, integrante de la Unidad, est\u00e1 participando los d\u00edas 5 y 6 de marzo\u00a0en actividades acad\u00e9micas en\u00a0Quara\u00ed, Brasil, donde presenta el\u00a0programa de colaboraci\u00f3n entre la Universidad de la Rep\u00fablica (Udelar) y Fiocruz.<\/div>\n<div>\n<div>\n<div>\n<div>\n<div dir=\"auto\">\n<div>\n<div>\n<p>La iniciativa tiene como objetivo\u00a0fortalecer la formaci\u00f3n de recursos humanos en salud en la frontera Brasil-Uruguay, promoviendo el trabajo conjunto entre instituciones acad\u00e9micas y sanitarias de ambos pa\u00edses para responder a los desaf\u00edos espec\u00edficos de la regi\u00f3n fronteriza.<\/p>\n<div id='gallery-1' class='gallery galleryid-10231 gallery-columns-3 gallery-size-medium'><figure class='gallery-item'>\n\t\t\t<div class='gallery-icon landscape'>\n\t\t\t\t<a href='https:\/\/higiene.edu.uy\/medicina-preventiva\/wp-content\/uploads\/sites\/6\/2026\/03\/WhatsApp-Image-2026-03-05-at-19.15.01.jpeg' title=\"\" data-rl_title=\"\" class=\"rl-gallery-link\" data-rl_caption=\"\" data-rel=\"lightbox-gallery-1\"><img fetchpriority=\"high\" decoding=\"async\" width=\"300\" height=\"225\" src=\"https:\/\/higiene.edu.uy\/medicina-preventiva\/wp-content\/uploads\/sites\/6\/2026\/03\/WhatsApp-Image-2026-03-05-at-19.15.01-300x225.jpeg\" class=\"attachment-medium size-medium\" alt=\"\" srcset=\"https:\/\/higiene.edu.uy\/medicina-preventiva\/wp-content\/uploads\/sites\/6\/2026\/03\/WhatsApp-Image-2026-03-05-at-19.15.01-300x225.jpeg 300w, https:\/\/higiene.edu.uy\/medicina-preventiva\/wp-content\/uploads\/sites\/6\/2026\/03\/WhatsApp-Image-2026-03-05-at-19.15.01-1024x768.jpeg 1024w, https:\/\/higiene.edu.uy\/medicina-preventiva\/wp-content\/uploads\/sites\/6\/2026\/03\/WhatsApp-Image-2026-03-05-at-19.15.01-768x576.jpeg 768w, https:\/\/higiene.edu.uy\/medicina-preventiva\/wp-content\/uploads\/sites\/6\/2026\/03\/WhatsApp-Image-2026-03-05-at-19.15.01-1536x1152.jpeg 1536w, https:\/\/higiene.edu.uy\/medicina-preventiva\/wp-content\/uploads\/sites\/6\/2026\/03\/WhatsApp-Image-2026-03-05-at-19.15.01.jpeg 2016w\" sizes=\"(max-width: 300px) 100vw, 300px\" \/><\/a>\n\t\t\t<\/div><\/figure><figure class='gallery-item'>\n\t\t\t<div class='gallery-icon landscape'>\n\t\t\t\t<a href='https:\/\/higiene.edu.uy\/medicina-preventiva\/wp-content\/uploads\/sites\/6\/2026\/03\/WhatsApp-Image-2026-03-05-at-19.15.00.jpeg' title=\"\" data-rl_title=\"\" class=\"rl-gallery-link\" data-rl_caption=\"\" data-rel=\"lightbox-gallery-1\"><img decoding=\"async\" width=\"300\" height=\"225\" src=\"https:\/\/higiene.edu.uy\/medicina-preventiva\/wp-content\/uploads\/sites\/6\/2026\/03\/WhatsApp-Image-2026-03-05-at-19.15.00-300x225.jpeg\" class=\"attachment-medium size-medium\" alt=\"\" srcset=\"https:\/\/higiene.edu.uy\/medicina-preventiva\/wp-content\/uploads\/sites\/6\/2026\/03\/WhatsApp-Image-2026-03-05-at-19.15.00-300x225.jpeg 300w, https:\/\/higiene.edu.uy\/medicina-preventiva\/wp-content\/uploads\/sites\/6\/2026\/03\/WhatsApp-Image-2026-03-05-at-19.15.00-1024x768.jpeg 1024w, https:\/\/higiene.edu.uy\/medicina-preventiva\/wp-content\/uploads\/sites\/6\/2026\/03\/WhatsApp-Image-2026-03-05-at-19.15.00-768x576.jpeg 768w, https:\/\/higiene.edu.uy\/medicina-preventiva\/wp-content\/uploads\/sites\/6\/2026\/03\/WhatsApp-Image-2026-03-05-at-19.15.00-1536x1152.jpeg 1536w, https:\/\/higiene.edu.uy\/medicina-preventiva\/wp-content\/uploads\/sites\/6\/2026\/03\/WhatsApp-Image-2026-03-05-at-19.15.00.jpeg 2016w\" sizes=\"(max-width: 300px) 100vw, 300px\" \/><\/a>\n\t\t\t<\/div><\/figure>\n\t\t<\/div>\n\n<\/div>\n<\/div>\n<\/div>\n<\/div>\n<\/div>\n<\/div>\n<\/div>\n","protected":false},"excerpt":{"rendered":"<p>La\u00a0Prof. Dr. Alicia Alem\u00e1n, integrante de la Unidad, est\u00e1 participando los d\u00edas 5 y 6 de marzo\u00a0en actividades acad\u00e9micas en\u00a0Quara\u00ed,&#8230;<\/p>\n","protected":false},"author":11,"featured_media":10232,"comment_status":"closed","ping_status":"closed","sticky":false,"template":"","format":"standard","meta":{"_acf_changed":false,"footnotes":""},"categories":[1],"tags":[],"class_list":["post-10231","post","type-post","status-publish","format-standard","has-post-thumbnail","hentry","category-departamento-de-medicina-preventiva-y-social"],"acf":[],"_links":{"self":[{"href":"https:\/\/higiene.edu.uy\/medicina-preventiva\/wp-json\/wp\/v2\/posts\/10231","targetHints":{"allow":["GET"]}}],"collection":[{"href":"https:\/\/higiene.edu.uy\/medicina-preventiva\/wp-json\/wp\/v2\/posts"}],"about":[{"href":"https:\/\/higiene.edu.uy\/medicina-preventiva\/wp-json\/wp\/v2\/types\/post"}],"author":[{"embeddable":true,"href":"https:\/\/higiene.edu.uy\/medicina-preventiva\/wp-json\/wp\/v2\/users\/11"}],"replies":[{"embeddable":true,"href":"https:\/\/higiene.edu.uy\/medicina-preventiva\/wp-json\/wp\/v2\/comments?post=10231"}],"version-history":[{"count":2,"href":"https:\/\/higiene.edu.uy\/medicina-preventiva\/wp-json\/wp\/v2\/posts\/10231\/revisions"}],"predecessor-version":[{"id":10236,"href":"https:\/\/higiene.edu.uy\/medicina-preventiva\/wp-json\/wp\/v2\/posts\/10231\/revisions\/10236"}],"wp:featuredmedia":[{"embeddable":true,"href":"https:\/\/higiene.edu.uy\/medicina-preventiva\/wp-json\/wp\/v2\/media\/10232"}],"wp:attachment":[{"href":"https:\/\/higiene.edu.uy\/medicina-preventiva\/wp-json\/wp\/v2\/media?parent=10231"}],"wp:term":[{"taxonomy":"category","embeddable":true,"href":"https:\/\/higiene.edu.uy\/medicina-preventiva\/wp-json\/wp\/v2\/categories?post=10231"},{"taxonomy":"post_tag","embeddable":true,"href":"https:\/\/higiene.edu.uy\/medicina-preventiva\/wp-json\/wp\/v2\/tags?post=10231"}],"curies":[{"name":"wp","href":"https:\/\/api.w.org\/{rel}","templated":true}]}}