{"id":10072,"date":"2025-10-07T15:25:11","date_gmt":"2025-10-07T18:25:11","guid":{"rendered":"https:\/\/higiene.edu.uy\/medicina-preventiva\/?p=10072"},"modified":"2025-10-07T15:25:11","modified_gmt":"2025-10-07T18:25:11","slug":"participacion-en-jornadas-academicas-de-la-facultad-de-humanidades","status":"publish","type":"post","link":"https:\/\/higiene.edu.uy\/medicina-preventiva\/2025\/10\/07\/participacion-en-jornadas-academicas-de-la-facultad-de-humanidades\/","title":{"rendered":"Participaci\u00f3n en Jornadas Acad\u00e9micas de la Facultad de Humanidades"},"content":{"rendered":"<p>El pasado 7 de octubre de 2025, las Dras. Daniela Alfonso y Guadalupe Herrera participaron en las Jornadas Acad\u00e9micas de la Facultad de Humanidades (UdelaR), presentando el trabajo titulado:<i>\u00a0\u201cLos antecedentes biom\u00e9dicos y epidemiol\u00f3gicos sobre el v\u00ednculo entre el estr\u00e9s producido por la prisi\u00f3n pol\u00edtica y la salud\u201d.<\/i><\/p>\n<p>La exposici\u00f3n integr\u00f3 el grupo de trabajo \u201cC\u00e1ncer y prisi\u00f3n pol\u00edtica en Uruguay: de problemas interdisciplinarios a un desaf\u00edo para las humanidades\u201d, abordando la tem\u00e1tica desde una perspectiva que articula la historia, la salud y los derechos humanos.<\/p>\n","protected":false},"excerpt":{"rendered":"<p>El pasado 7 de octubre de 2025, las Dras. Daniela Alfonso y Guadalupe Herrera participaron en las Jornadas Acad\u00e9micas de&#8230;<\/p>\n","protected":false},"author":12,"featured_media":10067,"comment_status":"closed","ping_status":"closed","sticky":false,"template":"","format":"standard","meta":{"_acf_changed":false,"footnotes":""},"categories":[1],"tags":[],"class_list":["post-10072","post","type-post","status-publish","format-standard","has-post-thumbnail","hentry","category-departamento-de-medicina-preventiva-y-social"],"acf":[],"_links":{"self":[{"href":"https:\/\/higiene.edu.uy\/medicina-preventiva\/wp-json\/wp\/v2\/posts\/10072","targetHints":{"allow":["GET"]}}],"collection":[{"href":"https:\/\/higiene.edu.uy\/medicina-preventiva\/wp-json\/wp\/v2\/posts"}],"about":[{"href":"https:\/\/higiene.edu.uy\/medicina-preventiva\/wp-json\/wp\/v2\/types\/post"}],"author":[{"embeddable":true,"href":"https:\/\/higiene.edu.uy\/medicina-preventiva\/wp-json\/wp\/v2\/users\/12"}],"replies":[{"embeddable":true,"href":"https:\/\/higiene.edu.uy\/medicina-preventiva\/wp-json\/wp\/v2\/comments?post=10072"}],"version-history":[{"count":1,"href":"https:\/\/higiene.edu.uy\/medicina-preventiva\/wp-json\/wp\/v2\/posts\/10072\/revisions"}],"predecessor-version":[{"id":10073,"href":"https:\/\/higiene.edu.uy\/medicina-preventiva\/wp-json\/wp\/v2\/posts\/10072\/revisions\/10073"}],"wp:featuredmedia":[{"embeddable":true,"href":"https:\/\/higiene.edu.uy\/medicina-preventiva\/wp-json\/wp\/v2\/media\/10067"}],"wp:attachment":[{"href":"https:\/\/higiene.edu.uy\/medicina-preventiva\/wp-json\/wp\/v2\/media?parent=10072"}],"wp:term":[{"taxonomy":"category","embeddable":true,"href":"https:\/\/higiene.edu.uy\/medicina-preventiva\/wp-json\/wp\/v2\/categories?post=10072"},{"taxonomy":"post_tag","embeddable":true,"href":"https:\/\/higiene.edu.uy\/medicina-preventiva\/wp-json\/wp\/v2\/tags?post=10072"}],"curies":[{"name":"wp","href":"https:\/\/api.w.org\/{rel}","templated":true}]}}