{"id":10070,"date":"2025-10-07T15:24:32","date_gmt":"2025-10-07T18:24:32","guid":{"rendered":"https:\/\/higiene.edu.uy\/medicina-preventiva\/?p=10070"},"modified":"2025-10-07T15:49:00","modified_gmt":"2025-10-07T18:49:00","slug":"participacion-de-la-unidad-academica-de-el-dia-del-patrimonio-2025","status":"publish","type":"post","link":"https:\/\/higiene.edu.uy\/medicina-preventiva\/2025\/10\/07\/participacion-de-la-unidad-academica-de-el-dia-del-patrimonio-2025\/","title":{"rendered":"Participaci\u00f3n de la Unidad Acad\u00e9mica de el D\u00eda del Patrimonio 2025"},"content":{"rendered":"<p>La Unidad\u00a0Acad\u00e9mica particip\u00f3\u00a0en las jornadas del d\u00eda del patrimonio 2025.<\/p>\n<div style=\"width: 480px;\" class=\"wp-video\"><!--[if lt IE 9]><script>document.createElement('video');<\/script><![endif]-->\n<video class=\"wp-video-shortcode\" id=\"video-10070-1\" width=\"480\" height=\"864\" preload=\"metadata\" controls=\"controls\"><source type=\"video\/mp4\" src=\"https:\/\/higiene.edu.uy\/medicina-preventiva\/wp-content\/uploads\/sites\/6\/2025\/10\/Video-para-noticia-de-Med.Prev-y-Soc-2.mp4?_=1\" \/><a href=\"https:\/\/higiene.edu.uy\/medicina-preventiva\/wp-content\/uploads\/sites\/6\/2025\/10\/Video-para-noticia-de-Med.Prev-y-Soc-2.mp4\">https:\/\/higiene.edu.uy\/medicina-preventiva\/wp-content\/uploads\/sites\/6\/2025\/10\/Video-para-noticia-de-Med.Prev-y-Soc-2.mp4<\/a><\/video><\/div>\n","protected":false},"excerpt":{"rendered":"<p>La Unidad\u00a0Acad\u00e9mica particip\u00f3\u00a0en las jornadas del d\u00eda del patrimonio 2025.<\/p>\n","protected":false},"author":12,"featured_media":10077,"comment_status":"closed","ping_status":"closed","sticky":false,"template":"","format":"standard","meta":{"_acf_changed":false,"footnotes":""},"categories":[1],"tags":[],"class_list":["post-10070","post","type-post","status-publish","format-standard","has-post-thumbnail","hentry","category-departamento-de-medicina-preventiva-y-social"],"acf":[],"_links":{"self":[{"href":"https:\/\/higiene.edu.uy\/medicina-preventiva\/wp-json\/wp\/v2\/posts\/10070","targetHints":{"allow":["GET"]}}],"collection":[{"href":"https:\/\/higiene.edu.uy\/medicina-preventiva\/wp-json\/wp\/v2\/posts"}],"about":[{"href":"https:\/\/higiene.edu.uy\/medicina-preventiva\/wp-json\/wp\/v2\/types\/post"}],"author":[{"embeddable":true,"href":"https:\/\/higiene.edu.uy\/medicina-preventiva\/wp-json\/wp\/v2\/users\/12"}],"replies":[{"embeddable":true,"href":"https:\/\/higiene.edu.uy\/medicina-preventiva\/wp-json\/wp\/v2\/comments?post=10070"}],"version-history":[{"count":4,"href":"https:\/\/higiene.edu.uy\/medicina-preventiva\/wp-json\/wp\/v2\/posts\/10070\/revisions"}],"predecessor-version":[{"id":10076,"href":"https:\/\/higiene.edu.uy\/medicina-preventiva\/wp-json\/wp\/v2\/posts\/10070\/revisions\/10076"}],"wp:featuredmedia":[{"embeddable":true,"href":"https:\/\/higiene.edu.uy\/medicina-preventiva\/wp-json\/wp\/v2\/media\/10077"}],"wp:attachment":[{"href":"https:\/\/higiene.edu.uy\/medicina-preventiva\/wp-json\/wp\/v2\/media?parent=10070"}],"wp:term":[{"taxonomy":"category","embeddable":true,"href":"https:\/\/higiene.edu.uy\/medicina-preventiva\/wp-json\/wp\/v2\/categories?post=10070"},{"taxonomy":"post_tag","embeddable":true,"href":"https:\/\/higiene.edu.uy\/medicina-preventiva\/wp-json\/wp\/v2\/tags?post=10070"}],"curies":[{"name":"wp","href":"https:\/\/api.w.org\/{rel}","templated":true}]}}