{"id":9285,"date":"2022-09-05T15:17:11","date_gmt":"2022-09-05T18:17:11","guid":{"rendered":"https:\/\/higiene.edu.uy\/biblioteca\/?p=9285"},"modified":"2022-09-05T15:20:35","modified_gmt":"2022-09-05T18:20:35","slug":"2a-edicion-curso-taller-busquedas-bibliograficas-eficientes-en-salud-2","status":"publish","type":"post","link":"https:\/\/higiene.edu.uy\/informacion-y-comunicacion\/2022\/09\/05\/2a-edicion-curso-taller-busquedas-bibliograficas-eficientes-en-salud-2\/","title":{"rendered":"2a. edici\u00f3n Curso-Taller \u00abB\u00fasquedas bibliogr\u00e1ficas eficientes en salud\u00bb"},"content":{"rendered":"\n<p>En el d\u00eda de hoy culmin\u00f3 con \u00e9xito el Curso-Taller \u00abB\u00fasquedas bibliogr\u00e1ficas eficientes en salud\u00bb 2a. edici\u00f3n realizado en la Biblioteca del Instituto de Higiene<\/p>\n\n\n\n<p>Docentes y estudiantes de grado y posgrado participaron en la presentaci\u00f3n te\u00f3rico-pr\u00e1ctica<\/p>\n\n\n\n<figure class=\"wp-block-gallery columns-2 is-cropped wp-block-gallery-1 is-layout-flex wp-block-gallery-is-layout-flex\"><ul class=\"blocks-gallery-grid\"><li class=\"blocks-gallery-item\"><figure><img fetchpriority=\"high\" decoding=\"async\" width=\"1024\" height=\"768\" src=\"https:\/\/higiene.edu.uy\/biblioteca\/wp-content\/uploads\/sites\/10\/2022\/09\/WhatsApp-Image-2022-09-05-at-12.51.03-PM-1.jpeg\" alt=\"\" data-id=\"9288\" data-link=\"https:\/\/higiene.edu.uy\/biblioteca\/?attachment_id=9288\" class=\"wp-image-9288\" srcset=\"https:\/\/higiene.edu.uy\/informacion-y-comunicacion\/wp-content\/uploads\/sites\/10\/2022\/09\/WhatsApp-Image-2022-09-05-at-12.51.03-PM-1.jpeg 1024w, https:\/\/higiene.edu.uy\/informacion-y-comunicacion\/wp-content\/uploads\/sites\/10\/2022\/09\/WhatsApp-Image-2022-09-05-at-12.51.03-PM-1-300x225.jpeg 300w, https:\/\/higiene.edu.uy\/informacion-y-comunicacion\/wp-content\/uploads\/sites\/10\/2022\/09\/WhatsApp-Image-2022-09-05-at-12.51.03-PM-1-768x576.jpeg 768w\" sizes=\"(max-width: 1024px) 100vw, 1024px\" \/><\/figure><\/li><li class=\"blocks-gallery-item\"><figure><img decoding=\"async\" width=\"768\" height=\"1024\" src=\"https:\/\/higiene.edu.uy\/biblioteca\/wp-content\/uploads\/sites\/10\/2022\/09\/WhatsApp-Image-2022-09-05-at-8.40.07-AM-1-768x1024.jpeg\" alt=\"\" data-id=\"9289\" data-full-url=\"https:\/\/higiene.edu.uy\/biblioteca\/wp-content\/uploads\/sites\/10\/2022\/09\/WhatsApp-Image-2022-09-05-at-8.40.07-AM-1.jpeg\" data-link=\"https:\/\/higiene.edu.uy\/biblioteca\/?attachment_id=9289\" class=\"wp-image-9289\" srcset=\"https:\/\/higiene.edu.uy\/informacion-y-comunicacion\/wp-content\/uploads\/sites\/10\/2022\/09\/WhatsApp-Image-2022-09-05-at-8.40.07-AM-1-768x1024.jpeg 768w, https:\/\/higiene.edu.uy\/informacion-y-comunicacion\/wp-content\/uploads\/sites\/10\/2022\/09\/WhatsApp-Image-2022-09-05-at-8.40.07-AM-1-225x300.jpeg 225w, https:\/\/higiene.edu.uy\/informacion-y-comunicacion\/wp-content\/uploads\/sites\/10\/2022\/09\/WhatsApp-Image-2022-09-05-at-8.40.07-AM-1-1152x1536.jpeg 1152w, https:\/\/higiene.edu.uy\/informacion-y-comunicacion\/wp-content\/uploads\/sites\/10\/2022\/09\/WhatsApp-Image-2022-09-05-at-8.40.07-AM-1.jpeg 1200w\" sizes=\"(max-width: 768px) 100vw, 768px\" \/><\/figure><\/li><\/ul><\/figure>\n","protected":false},"excerpt":{"rendered":"<p>En el d\u00eda de hoy culmin\u00f3 con \u00e9xito el Curso-Taller \u00abB\u00fasquedas bibliogr\u00e1ficas eficientes en salud\u00bb 2a. edici\u00f3n realizado en la&#8230;<\/p>\n","protected":false},"author":11,"featured_media":9291,"comment_status":"closed","ping_status":"closed","sticky":false,"template":"","format":"standard","meta":{"_acf_changed":false,"footnotes":""},"categories":[1],"tags":[],"class_list":["post-9285","post","type-post","status-publish","format-standard","has-post-thumbnail","hentry","category-biblioteca"],"acf":[],"_links":{"self":[{"href":"https:\/\/higiene.edu.uy\/informacion-y-comunicacion\/wp-json\/wp\/v2\/posts\/9285","targetHints":{"allow":["GET"]}}],"collection":[{"href":"https:\/\/higiene.edu.uy\/informacion-y-comunicacion\/wp-json\/wp\/v2\/posts"}],"about":[{"href":"https:\/\/higiene.edu.uy\/informacion-y-comunicacion\/wp-json\/wp\/v2\/types\/post"}],"author":[{"embeddable":true,"href":"https:\/\/higiene.edu.uy\/informacion-y-comunicacion\/wp-json\/wp\/v2\/users\/11"}],"replies":[{"embeddable":true,"href":"https:\/\/higiene.edu.uy\/informacion-y-comunicacion\/wp-json\/wp\/v2\/comments?post=9285"}],"version-history":[{"count":1,"href":"https:\/\/higiene.edu.uy\/informacion-y-comunicacion\/wp-json\/wp\/v2\/posts\/9285\/revisions"}],"predecessor-version":[{"id":9290,"href":"https:\/\/higiene.edu.uy\/informacion-y-comunicacion\/wp-json\/wp\/v2\/posts\/9285\/revisions\/9290"}],"wp:featuredmedia":[{"embeddable":true,"href":"https:\/\/higiene.edu.uy\/informacion-y-comunicacion\/wp-json\/wp\/v2\/media\/9291"}],"wp:attachment":[{"href":"https:\/\/higiene.edu.uy\/informacion-y-comunicacion\/wp-json\/wp\/v2\/media?parent=9285"}],"wp:term":[{"taxonomy":"category","embeddable":true,"href":"https:\/\/higiene.edu.uy\/informacion-y-comunicacion\/wp-json\/wp\/v2\/categories?post=9285"},{"taxonomy":"post_tag","embeddable":true,"href":"https:\/\/higiene.edu.uy\/informacion-y-comunicacion\/wp-json\/wp\/v2\/tags?post=9285"}],"curies":[{"name":"wp","href":"https:\/\/api.w.org\/{rel}","templated":true}]}}