{"id":9153,"date":"2022-05-26T11:09:44","date_gmt":"2022-05-26T14:09:44","guid":{"rendered":"https:\/\/higiene.edu.uy\/biblioteca\/?p=9153"},"modified":"2022-05-26T11:12:24","modified_gmt":"2022-05-26T14:12:24","slug":"26-de-mayo-dia-nacional-del-libro","status":"publish","type":"post","link":"https:\/\/higiene.edu.uy\/informacion-y-comunicacion\/2022\/05\/26\/26-de-mayo-dia-nacional-del-libro\/","title":{"rendered":"26 de mayo D\u00eda Nacional del Libro"},"content":{"rendered":"\n<p><em>\u00ab<\/em><em>Una biblioteca no es otra cosa que un domicilio o ilustre asamblea en que se re\u00fanen, como de asiento, todos los mas sublimes ingenios del orbe literario o por mejor decir, el foco en que se reconcentran las luces m\u00e1s brillantes que se han esparcido por los sabios de todos los pa\u00edses y de todos los tiempos. Estas luces son las que el ilustrado y el Gobierno vienen a hacer comunes a sus conciudadanos\u00bb.<\/em><\/p>\n\n\n\n<p>&nbsp;&nbsp;&nbsp;&nbsp;&nbsp;&nbsp;&nbsp;&nbsp;&nbsp;&nbsp;&nbsp;&nbsp;&nbsp;&nbsp;&nbsp;&nbsp;&nbsp;&nbsp;&nbsp;&nbsp;&nbsp;&nbsp;&nbsp;&nbsp;&nbsp;&nbsp;&nbsp;&nbsp;&nbsp;&nbsp;&nbsp;&nbsp;&nbsp;&nbsp;&nbsp;&nbsp;&nbsp;&nbsp;&nbsp;&nbsp;&nbsp;&nbsp;&nbsp;&nbsp;&nbsp;&nbsp;&nbsp;&nbsp;&nbsp;&nbsp;&nbsp;&nbsp;&nbsp;&nbsp;&nbsp;&nbsp;&nbsp;&nbsp; Oraci\u00f3n Inaugural D\u00e1maso A. Larra\u00f1aga 1816<\/p>\n\n\n\n<p>El 26 de mayo, se celebra en el Uruguay el \u00abD\u00eda del Libro\u00bb, por ser el aniversario de la apertura de la primera biblioteca p\u00fablica.<\/p>\n\n\n\n<p>Por resoluci\u00f3n de Artigas, el 30 de mayo de 1816, los centinelas del ej\u00e9rcito oriental usaron como sato y se\u00f1a:<\/p>\n\n\n\n<p>\u00abSean los orientales tan ilustrados como valientes\u00bb, como adhesi\u00f3n a la flamante Biblioteca Nacional.<\/p>\n\n\n\n<p>En el a\u00f1o 1926 se adquiri\u00f3 el predio del actual edificio de la Biblioteca Nacional. La piedra fundamental se coloc\u00f3 el 26 de mayo de 1937, la nueva sede se ocup\u00f3 en 1955, y finalmente se inaugur\u00f3 oficialmente en 1964.<\/p>\n\n\n\n<p>La Biblioteca P\u00fablica inaugurada el 26 de mayo de 1816 es la \u00fanica instituci\u00f3n de la \u00e9poca libertadora que se mantiene hasta hoy.<\/p>\n","protected":false},"excerpt":{"rendered":"<p>\u00abUna biblioteca no es otra cosa que un domicilio o ilustre asamblea en que se re\u00fanen, como de asiento, todos&#8230;<\/p>\n","protected":false},"author":11,"featured_media":9155,"comment_status":"closed","ping_status":"closed","sticky":false,"template":"","format":"standard","meta":{"_acf_changed":false,"footnotes":""},"categories":[1],"tags":[],"class_list":["post-9153","post","type-post","status-publish","format-standard","has-post-thumbnail","hentry","category-biblioteca"],"acf":[],"_links":{"self":[{"href":"https:\/\/higiene.edu.uy\/informacion-y-comunicacion\/wp-json\/wp\/v2\/posts\/9153","targetHints":{"allow":["GET"]}}],"collection":[{"href":"https:\/\/higiene.edu.uy\/informacion-y-comunicacion\/wp-json\/wp\/v2\/posts"}],"about":[{"href":"https:\/\/higiene.edu.uy\/informacion-y-comunicacion\/wp-json\/wp\/v2\/types\/post"}],"author":[{"embeddable":true,"href":"https:\/\/higiene.edu.uy\/informacion-y-comunicacion\/wp-json\/wp\/v2\/users\/11"}],"replies":[{"embeddable":true,"href":"https:\/\/higiene.edu.uy\/informacion-y-comunicacion\/wp-json\/wp\/v2\/comments?post=9153"}],"version-history":[{"count":1,"href":"https:\/\/higiene.edu.uy\/informacion-y-comunicacion\/wp-json\/wp\/v2\/posts\/9153\/revisions"}],"predecessor-version":[{"id":9156,"href":"https:\/\/higiene.edu.uy\/informacion-y-comunicacion\/wp-json\/wp\/v2\/posts\/9153\/revisions\/9156"}],"wp:featuredmedia":[{"embeddable":true,"href":"https:\/\/higiene.edu.uy\/informacion-y-comunicacion\/wp-json\/wp\/v2\/media\/9155"}],"wp:attachment":[{"href":"https:\/\/higiene.edu.uy\/informacion-y-comunicacion\/wp-json\/wp\/v2\/media?parent=9153"}],"wp:term":[{"taxonomy":"category","embeddable":true,"href":"https:\/\/higiene.edu.uy\/informacion-y-comunicacion\/wp-json\/wp\/v2\/categories?post=9153"},{"taxonomy":"post_tag","embeddable":true,"href":"https:\/\/higiene.edu.uy\/informacion-y-comunicacion\/wp-json\/wp\/v2\/tags?post=9153"}],"curies":[{"name":"wp","href":"https:\/\/api.w.org\/{rel}","templated":true}]}}