{"id":10263,"date":"2025-11-21T13:11:09","date_gmt":"2025-11-21T16:11:09","guid":{"rendered":"https:\/\/higiene.edu.uy\/informacion-y-comunicacion\/?p=10263"},"modified":"2025-11-21T13:11:09","modified_gmt":"2025-11-21T16:11:09","slug":"participacion-del-instituto-de-higiene-en-la-6a-feria-modo-udelar-2025","status":"publish","type":"post","link":"https:\/\/higiene.edu.uy\/informacion-y-comunicacion\/2025\/11\/21\/participacion-del-instituto-de-higiene-en-la-6a-feria-modo-udelar-2025\/","title":{"rendered":"Participaci\u00f3n del Instituto de Higiene en la 6\u00aa Feria Modo Udelar 2025"},"content":{"rendered":"<div>El Instituto de Higiene particip\u00f3 activamente en la 6\u00aa Feria Modo Udelar 2025, a trav\u00e9s del Departamento de Informaci\u00f3n y Comunicaci\u00f3n y del Grupo de Trabajo de Difusi\u00f3n y Visibilidad, integr\u00e1ndose a la consigna institucional de este a\u00f1o: <em>\u201cC\u00f3mo transformar la gesti\u00f3n: El Modelo de Gesti\u00f3n al d\u00eda\u201d.<\/em><br \/>\nLa feria se desarroll\u00f3 los d\u00edas 18, 20 y 21 de noviembre de 2025, con actividades en el CURE \u2013 Sede Maldonado y en el Campus Parque Batlle.<br \/>\nLa presencia del Instituto se centr\u00f3 en la presentaci\u00f3n de diversos trabajos que exponen avances, experiencias y desaf\u00edos en materia de gesti\u00f3n, comunicaci\u00f3n cient\u00edfica y visibilidad institucional.<\/div>\n<div>\n<b>P\u00f3sters presentados:\u00a0<\/b><\/div>\n<div><b><br \/>\n<\/b><em>1. \u201c<a href=\"https:\/\/higiene.edu.uy\/informacion-y-comunicacion\/wp-content\/uploads\/sites\/10\/2025\/11\/Grupo-Difusion-y-Visibilidad-Feria-Modo-Udelar-2025.pdf\">Fortaleciendo la divulgaci\u00f3n cient\u00edfica: la experiencia del Instituto de Higiene<\/a><\/em><\/p>\n<p>Autores: In\u00e9s Bado, Sof\u00eda Chilibroste, Corina Espinosa, Camila Far\u00edas, Mar\u00eda Eugenia Francia, Virginia Garc\u00eda, Ignacio Gonz\u00e1lez, Leticia Grezzi, Mariana Haller, Silvana L\u00f3pez, Gabriela Maggioli, Magela Mart\u00ednez, Florencia Negr\u00edn, Romina Papa, Mar\u00eda Clara Plata, Cecilia Valenzuela.<br \/>\nEste trabajo presenta las estrategias implementadas para consolidar una pol\u00edtica de divulgaci\u00f3n cient\u00edfica que acerque la producci\u00f3n acad\u00e9mica del Instituto a p\u00fablicos diversos, fortaleciendo la comunicaci\u00f3n institucional.<\/p>\n<p><em>2. \u201c<a href=\"https:\/\/higiene.edu.uy\/informacion-y-comunicacion\/wp-content\/uploads\/sites\/10\/2025\/11\/LATINDEX-FERIA-MODO-UDELAR-2025.pdf\">El rol del Centro de Acopio Nacional Latindex: un eje para la visibilidad de las revistas cient\u00edficas uruguayas<\/a>\u201d<\/em><br \/>\nAutoras:\u00a0 Magela Mart\u00ednez, Cecilia Valenzuela.<br \/>\nEl poster expone los avances en la gesti\u00f3n del Centro de Acopio Nacional Latindex, destacando su importancia para la mejora de la calidad editorial, la visibilizaci\u00f3n y el posicionamiento de las revistas cient\u00edficas del pa\u00eds en sistemas regionales de informaci\u00f3n.<\/p>\n<p><em>3. \u201c<a href=\"https:\/\/higiene.edu.uy\/informacion-y-comunicacion\/wp-content\/uploads\/sites\/10\/2025\/11\/Unidad-de-Comunicacion-Feria-Modo-UDELAR-2025.pdf\">Implementaci\u00f3n de la Unidad de Comunicaci\u00f3n en el Instituto de Higiene<\/a>\u201d<\/em><\/p>\n<p>Autoras: Camila Far\u00edas, Cecilia Valenzuela.<br \/>\nEl trabajo describe el proceso de dise\u00f1o, puesta en marcha y consolidaci\u00f3n de la Unidad de Comunicaci\u00f3n, analizando su rol estrat\u00e9gico en la articulaci\u00f3n institucional, la comunicaci\u00f3n p\u00fablica de la ciencia y la visibilidad de las actividades acad\u00e9micas.<\/p>\n<p><em>4. \u201d<a href=\"https:\/\/higiene.edu.uy\/informacion-y-comunicacion\/wp-content\/uploads\/sites\/10\/2025\/11\/Poster-Instituto-de-Higiene-Feria-Modo-Udelar-2025.pdf\">Instituto de Higiene. Facultad de Medicina | Universidad de la Rep\u00fablica\u00bb<\/a><\/em><br \/>\nAutoras:\u00a0 Camila Far\u00edas, Cecilia Valenzuela.<br \/>\nEste p\u00f3ster form\u00f3 parte de la exposici\u00f3n del Campus Parque Batlle, en la propuesta impulsada por el Prorrectorado de Gesti\u00f3n, destacando la estructura institucional del Instituto de Higiene y sus principales l\u00edneas de trabajo.<\/p>\n<p>Adem\u00e1s, la Unidad de Comunicaci\u00f3n del Instituto de Higiene particip\u00f3 de las instancias del \u201cEncuentro General de Espacios de Comunicaci\u00f3n \u2013 Unidades de Comunicaci\u00f3n de la Udelar\u201d, que incluy\u00f3 exposiciones de: Federico Barreto (UCUR, Udelar), Gabriel Kapl\u00fan (FIC, Udelar), Mart\u00edn Mart\u00ednez (FIC, Udelar). y de la conferencia \u201cLa comunicaci\u00f3n institucional como \u00e1rea emergente y urgente en las universidades\u201d dictada por Luis Alejandro Tomas (UNSJ, Argentina).<\/p><\/div>\n<div><\/div>\n<div>El programa completo de la actividades de la Feria Modo Udelar 2025 se encuentra disponible <a href=\"https:\/\/udelar.edu.uy\/feriamodoudelar\/wp-content\/uploads\/2025\/11\/programa_feria_20252.pdf\" target=\"_blank\" rel=\"noopener\" data-saferedirecturl=\"https:\/\/www.google.com\/url?q=https:\/\/udelar.edu.uy\/feriamodoudelar\/wp-content\/uploads\/2025\/11\/programa_feria_20252.pdf&amp;source=gmail&amp;ust=1763824708545000&amp;usg=AOvVaw117GJ-QEmy0dAIiwZkiRsb\">aqu\u00ed.<\/a><\/div>\n<div>\n<div id='gallery-1' class='gallery galleryid-10263 gallery-columns-3 gallery-size-large'><figure class='gallery-item'>\n\t\t\t<div class='gallery-icon portrait'>\n\t\t\t\t<a href='https:\/\/higiene.edu.uy\/informacion-y-comunicacion\/wp-content\/uploads\/sites\/10\/2025\/11\/Dpto.-Informacion-y-Comunciacion-Feria-Modo-Udelar-2025-4.jpg' title=\"\" data-rl_title=\"\" class=\"rl-gallery-link\" data-rl_caption=\"\" data-rel=\"lightbox-gallery-1\"><img fetchpriority=\"high\" decoding=\"async\" width=\"640\" height=\"853\" src=\"https:\/\/higiene.edu.uy\/informacion-y-comunicacion\/wp-content\/uploads\/sites\/10\/2025\/11\/Dpto.-Informacion-y-Comunciacion-Feria-Modo-Udelar-2025-4-768x1024.jpg\" class=\"attachment-large size-large\" alt=\"\" srcset=\"https:\/\/higiene.edu.uy\/informacion-y-comunicacion\/wp-content\/uploads\/sites\/10\/2025\/11\/Dpto.-Informacion-y-Comunciacion-Feria-Modo-Udelar-2025-4-768x1024.jpg 768w, https:\/\/higiene.edu.uy\/informacion-y-comunicacion\/wp-content\/uploads\/sites\/10\/2025\/11\/Dpto.-Informacion-y-Comunciacion-Feria-Modo-Udelar-2025-4-225x300.jpg 225w, https:\/\/higiene.edu.uy\/informacion-y-comunicacion\/wp-content\/uploads\/sites\/10\/2025\/11\/Dpto.-Informacion-y-Comunciacion-Feria-Modo-Udelar-2025-4-1152x1536.jpg 1152w, https:\/\/higiene.edu.uy\/informacion-y-comunicacion\/wp-content\/uploads\/sites\/10\/2025\/11\/Dpto.-Informacion-y-Comunciacion-Feria-Modo-Udelar-2025-4.jpg 1500w\" sizes=\"(max-width: 640px) 100vw, 640px\" \/><\/a>\n\t\t\t<\/div><\/figure><figure class='gallery-item'>\n\t\t\t<div class='gallery-icon portrait'>\n\t\t\t\t<a href='https:\/\/higiene.edu.uy\/informacion-y-comunicacion\/wp-content\/uploads\/sites\/10\/2025\/11\/Dpto.-Informacion-y-Comunciacion-Feria-Modo-Udelar-2025-10.jpg' title=\"\" data-rl_title=\"\" class=\"rl-gallery-link\" data-rl_caption=\"\" data-rel=\"lightbox-gallery-1\"><img decoding=\"async\" width=\"640\" height=\"853\" src=\"https:\/\/higiene.edu.uy\/informacion-y-comunicacion\/wp-content\/uploads\/sites\/10\/2025\/11\/Dpto.-Informacion-y-Comunciacion-Feria-Modo-Udelar-2025-10-768x1024.jpg\" class=\"attachment-large size-large\" alt=\"\" srcset=\"https:\/\/higiene.edu.uy\/informacion-y-comunicacion\/wp-content\/uploads\/sites\/10\/2025\/11\/Dpto.-Informacion-y-Comunciacion-Feria-Modo-Udelar-2025-10-768x1024.jpg 768w, https:\/\/higiene.edu.uy\/informacion-y-comunicacion\/wp-content\/uploads\/sites\/10\/2025\/11\/Dpto.-Informacion-y-Comunciacion-Feria-Modo-Udelar-2025-10-225x300.jpg 225w, https:\/\/higiene.edu.uy\/informacion-y-comunicacion\/wp-content\/uploads\/sites\/10\/2025\/11\/Dpto.-Informacion-y-Comunciacion-Feria-Modo-Udelar-2025-10-1152x1536.jpg 1152w, https:\/\/higiene.edu.uy\/informacion-y-comunicacion\/wp-content\/uploads\/sites\/10\/2025\/11\/Dpto.-Informacion-y-Comunciacion-Feria-Modo-Udelar-2025-10.jpg 1536w\" sizes=\"(max-width: 640px) 100vw, 640px\" \/><\/a>\n\t\t\t<\/div><\/figure><figure class='gallery-item'>\n\t\t\t<div class='gallery-icon portrait'>\n\t\t\t\t<a href='https:\/\/higiene.edu.uy\/informacion-y-comunicacion\/wp-content\/uploads\/sites\/10\/2025\/11\/Dpto.-Informacion-y-Comunciacion-Feria-Modo-Udelar-2025-12.jpg' title=\"\" data-rl_title=\"\" class=\"rl-gallery-link\" data-rl_caption=\"\" data-rel=\"lightbox-gallery-1\"><img decoding=\"async\" width=\"640\" height=\"853\" src=\"https:\/\/higiene.edu.uy\/informacion-y-comunicacion\/wp-content\/uploads\/sites\/10\/2025\/11\/Dpto.-Informacion-y-Comunciacion-Feria-Modo-Udelar-2025-12-768x1024.jpg\" class=\"attachment-large size-large\" alt=\"\" srcset=\"https:\/\/higiene.edu.uy\/informacion-y-comunicacion\/wp-content\/uploads\/sites\/10\/2025\/11\/Dpto.-Informacion-y-Comunciacion-Feria-Modo-Udelar-2025-12-768x1024.jpg 768w, https:\/\/higiene.edu.uy\/informacion-y-comunicacion\/wp-content\/uploads\/sites\/10\/2025\/11\/Dpto.-Informacion-y-Comunciacion-Feria-Modo-Udelar-2025-12-225x300.jpg 225w, https:\/\/higiene.edu.uy\/informacion-y-comunicacion\/wp-content\/uploads\/sites\/10\/2025\/11\/Dpto.-Informacion-y-Comunciacion-Feria-Modo-Udelar-2025-12-1152x1536.jpg 1152w, https:\/\/higiene.edu.uy\/informacion-y-comunicacion\/wp-content\/uploads\/sites\/10\/2025\/11\/Dpto.-Informacion-y-Comunciacion-Feria-Modo-Udelar-2025-12.jpg 1536w\" sizes=\"(max-width: 640px) 100vw, 640px\" \/><\/a>\n\t\t\t<\/div><\/figure><figure class='gallery-item'>\n\t\t\t<div class='gallery-icon portrait'>\n\t\t\t\t<a href='https:\/\/higiene.edu.uy\/informacion-y-comunicacion\/wp-content\/uploads\/sites\/10\/2025\/11\/Dpto.-Informacion-y-Comunciacion-Feria-Modo-Udelar-2025-14.jpg' title=\"\" data-rl_title=\"\" class=\"rl-gallery-link\" data-rl_caption=\"\" data-rel=\"lightbox-gallery-1\"><img loading=\"lazy\" decoding=\"async\" width=\"640\" height=\"853\" src=\"https:\/\/higiene.edu.uy\/informacion-y-comunicacion\/wp-content\/uploads\/sites\/10\/2025\/11\/Dpto.-Informacion-y-Comunciacion-Feria-Modo-Udelar-2025-14-768x1024.jpg\" class=\"attachment-large size-large\" alt=\"\" srcset=\"https:\/\/higiene.edu.uy\/informacion-y-comunicacion\/wp-content\/uploads\/sites\/10\/2025\/11\/Dpto.-Informacion-y-Comunciacion-Feria-Modo-Udelar-2025-14-768x1024.jpg 768w, https:\/\/higiene.edu.uy\/informacion-y-comunicacion\/wp-content\/uploads\/sites\/10\/2025\/11\/Dpto.-Informacion-y-Comunciacion-Feria-Modo-Udelar-2025-14-225x300.jpg 225w, https:\/\/higiene.edu.uy\/informacion-y-comunicacion\/wp-content\/uploads\/sites\/10\/2025\/11\/Dpto.-Informacion-y-Comunciacion-Feria-Modo-Udelar-2025-14-1152x1536.jpg 1152w, https:\/\/higiene.edu.uy\/informacion-y-comunicacion\/wp-content\/uploads\/sites\/10\/2025\/11\/Dpto.-Informacion-y-Comunciacion-Feria-Modo-Udelar-2025-14.jpg 1536w\" sizes=\"(max-width: 640px) 100vw, 640px\" \/><\/a>\n\t\t\t<\/div><\/figure><figure class='gallery-item'>\n\t\t\t<div class='gallery-icon portrait'>\n\t\t\t\t<a href='https:\/\/higiene.edu.uy\/informacion-y-comunicacion\/wp-content\/uploads\/sites\/10\/2025\/11\/Dpto.-Informacion-y-Comunciacion-Feria-Modo-Udelar-2025-17.jpg' title=\"\" data-rl_title=\"\" class=\"rl-gallery-link\" data-rl_caption=\"\" data-rel=\"lightbox-gallery-1\"><img loading=\"lazy\" decoding=\"async\" width=\"640\" height=\"853\" src=\"https:\/\/higiene.edu.uy\/informacion-y-comunicacion\/wp-content\/uploads\/sites\/10\/2025\/11\/Dpto.-Informacion-y-Comunciacion-Feria-Modo-Udelar-2025-17-768x1024.jpg\" class=\"attachment-large size-large\" alt=\"\" srcset=\"https:\/\/higiene.edu.uy\/informacion-y-comunicacion\/wp-content\/uploads\/sites\/10\/2025\/11\/Dpto.-Informacion-y-Comunciacion-Feria-Modo-Udelar-2025-17-768x1024.jpg 768w, https:\/\/higiene.edu.uy\/informacion-y-comunicacion\/wp-content\/uploads\/sites\/10\/2025\/11\/Dpto.-Informacion-y-Comunciacion-Feria-Modo-Udelar-2025-17-225x300.jpg 225w, https:\/\/higiene.edu.uy\/informacion-y-comunicacion\/wp-content\/uploads\/sites\/10\/2025\/11\/Dpto.-Informacion-y-Comunciacion-Feria-Modo-Udelar-2025-17-1152x1536.jpg 1152w, https:\/\/higiene.edu.uy\/informacion-y-comunicacion\/wp-content\/uploads\/sites\/10\/2025\/11\/Dpto.-Informacion-y-Comunciacion-Feria-Modo-Udelar-2025-17.jpg 1536w\" sizes=\"(max-width: 640px) 100vw, 640px\" \/><\/a>\n\t\t\t<\/div><\/figure><figure class='gallery-item'>\n\t\t\t<div class='gallery-icon portrait'>\n\t\t\t\t<a href='https:\/\/higiene.edu.uy\/informacion-y-comunicacion\/wp-content\/uploads\/sites\/10\/2025\/11\/Dpto.-Informacion-y-Comunciacion-Feria-Modo-Udelar-2025-18.jpg' title=\"\" data-rl_title=\"\" class=\"rl-gallery-link\" data-rl_caption=\"\" data-rel=\"lightbox-gallery-1\"><img loading=\"lazy\" decoding=\"async\" width=\"640\" height=\"853\" src=\"https:\/\/higiene.edu.uy\/informacion-y-comunicacion\/wp-content\/uploads\/sites\/10\/2025\/11\/Dpto.-Informacion-y-Comunciacion-Feria-Modo-Udelar-2025-18-768x1024.jpg\" class=\"attachment-large size-large\" alt=\"\" srcset=\"https:\/\/higiene.edu.uy\/informacion-y-comunicacion\/wp-content\/uploads\/sites\/10\/2025\/11\/Dpto.-Informacion-y-Comunciacion-Feria-Modo-Udelar-2025-18-768x1024.jpg 768w, https:\/\/higiene.edu.uy\/informacion-y-comunicacion\/wp-content\/uploads\/sites\/10\/2025\/11\/Dpto.-Informacion-y-Comunciacion-Feria-Modo-Udelar-2025-18-225x300.jpg 225w, https:\/\/higiene.edu.uy\/informacion-y-comunicacion\/wp-content\/uploads\/sites\/10\/2025\/11\/Dpto.-Informacion-y-Comunciacion-Feria-Modo-Udelar-2025-18-1152x1536.jpg 1152w, https:\/\/higiene.edu.uy\/informacion-y-comunicacion\/wp-content\/uploads\/sites\/10\/2025\/11\/Dpto.-Informacion-y-Comunciacion-Feria-Modo-Udelar-2025-18.jpg 1200w\" sizes=\"(max-width: 640px) 100vw, 640px\" \/><\/a>\n\t\t\t<\/div><\/figure><figure class='gallery-item'>\n\t\t\t<div class='gallery-icon landscape'>\n\t\t\t\t<a href='https:\/\/higiene.edu.uy\/informacion-y-comunicacion\/wp-content\/uploads\/sites\/10\/2025\/11\/Dpto.-Informacion-y-Comunciacion-Feria-Modo-Udelar-2025-19.jpg' title=\"\" data-rl_title=\"\" class=\"rl-gallery-link\" data-rl_caption=\"\" data-rel=\"lightbox-gallery-1\"><img loading=\"lazy\" decoding=\"async\" width=\"640\" height=\"480\" src=\"https:\/\/higiene.edu.uy\/informacion-y-comunicacion\/wp-content\/uploads\/sites\/10\/2025\/11\/Dpto.-Informacion-y-Comunciacion-Feria-Modo-Udelar-2025-19-1024x768.jpg\" class=\"attachment-large size-large\" alt=\"\" srcset=\"https:\/\/higiene.edu.uy\/informacion-y-comunicacion\/wp-content\/uploads\/sites\/10\/2025\/11\/Dpto.-Informacion-y-Comunciacion-Feria-Modo-Udelar-2025-19-1024x768.jpg 1024w, https:\/\/higiene.edu.uy\/informacion-y-comunicacion\/wp-content\/uploads\/sites\/10\/2025\/11\/Dpto.-Informacion-y-Comunciacion-Feria-Modo-Udelar-2025-19-300x225.jpg 300w, https:\/\/higiene.edu.uy\/informacion-y-comunicacion\/wp-content\/uploads\/sites\/10\/2025\/11\/Dpto.-Informacion-y-Comunciacion-Feria-Modo-Udelar-2025-19-768x576.jpg 768w, https:\/\/higiene.edu.uy\/informacion-y-comunicacion\/wp-content\/uploads\/sites\/10\/2025\/11\/Dpto.-Informacion-y-Comunciacion-Feria-Modo-Udelar-2025-19-1536x1152.jpg 1536w, https:\/\/higiene.edu.uy\/informacion-y-comunicacion\/wp-content\/uploads\/sites\/10\/2025\/11\/Dpto.-Informacion-y-Comunciacion-Feria-Modo-Udelar-2025-19.jpg 1600w\" sizes=\"(max-width: 640px) 100vw, 640px\" \/><\/a>\n\t\t\t<\/div><\/figure><figure class='gallery-item'>\n\t\t\t<div class='gallery-icon landscape'>\n\t\t\t\t<a href='https:\/\/higiene.edu.uy\/informacion-y-comunicacion\/wp-content\/uploads\/sites\/10\/2025\/11\/Dpto.-Informacion-y-Comunciacion-Feria-Modo-Udelar-2025-20.jpg' title=\"\" data-rl_title=\"\" class=\"rl-gallery-link\" data-rl_caption=\"\" data-rel=\"lightbox-gallery-1\"><img loading=\"lazy\" decoding=\"async\" width=\"640\" height=\"480\" src=\"https:\/\/higiene.edu.uy\/informacion-y-comunicacion\/wp-content\/uploads\/sites\/10\/2025\/11\/Dpto.-Informacion-y-Comunciacion-Feria-Modo-Udelar-2025-20-1024x768.jpg\" class=\"attachment-large size-large\" alt=\"\" srcset=\"https:\/\/higiene.edu.uy\/informacion-y-comunicacion\/wp-content\/uploads\/sites\/10\/2025\/11\/Dpto.-Informacion-y-Comunciacion-Feria-Modo-Udelar-2025-20-1024x768.jpg 1024w, https:\/\/higiene.edu.uy\/informacion-y-comunicacion\/wp-content\/uploads\/sites\/10\/2025\/11\/Dpto.-Informacion-y-Comunciacion-Feria-Modo-Udelar-2025-20-300x225.jpg 300w, https:\/\/higiene.edu.uy\/informacion-y-comunicacion\/wp-content\/uploads\/sites\/10\/2025\/11\/Dpto.-Informacion-y-Comunciacion-Feria-Modo-Udelar-2025-20-768x576.jpg 768w, https:\/\/higiene.edu.uy\/informacion-y-comunicacion\/wp-content\/uploads\/sites\/10\/2025\/11\/Dpto.-Informacion-y-Comunciacion-Feria-Modo-Udelar-2025-20-1536x1152.jpg 1536w, https:\/\/higiene.edu.uy\/informacion-y-comunicacion\/wp-content\/uploads\/sites\/10\/2025\/11\/Dpto.-Informacion-y-Comunciacion-Feria-Modo-Udelar-2025-20.jpg 1600w\" sizes=\"(max-width: 640px) 100vw, 640px\" \/><\/a>\n\t\t\t<\/div><\/figure>\n\t\t<\/div>\n\n<\/div>\n<div><\/div>\n","protected":false},"excerpt":{"rendered":"<p>El Instituto de Higiene particip\u00f3 activamente en la 6\u00aa Feria Modo Udelar 2025, a trav\u00e9s del Departamento de Informaci\u00f3n y&#8230;<\/p>\n","protected":false},"author":11,"featured_media":10266,"comment_status":"closed","ping_status":"closed","sticky":false,"template":"","format":"standard","meta":{"_acf_changed":false,"footnotes":""},"categories":[1],"tags":[],"class_list":["post-10263","post","type-post","status-publish","format-standard","has-post-thumbnail","hentry","category-biblioteca"],"acf":[],"_links":{"self":[{"href":"https:\/\/higiene.edu.uy\/informacion-y-comunicacion\/wp-json\/wp\/v2\/posts\/10263","targetHints":{"allow":["GET"]}}],"collection":[{"href":"https:\/\/higiene.edu.uy\/informacion-y-comunicacion\/wp-json\/wp\/v2\/posts"}],"about":[{"href":"https:\/\/higiene.edu.uy\/informacion-y-comunicacion\/wp-json\/wp\/v2\/types\/post"}],"author":[{"embeddable":true,"href":"https:\/\/higiene.edu.uy\/informacion-y-comunicacion\/wp-json\/wp\/v2\/users\/11"}],"replies":[{"embeddable":true,"href":"https:\/\/higiene.edu.uy\/informacion-y-comunicacion\/wp-json\/wp\/v2\/comments?post=10263"}],"version-history":[{"count":1,"href":"https:\/\/higiene.edu.uy\/informacion-y-comunicacion\/wp-json\/wp\/v2\/posts\/10263\/revisions"}],"predecessor-version":[{"id":10279,"href":"https:\/\/higiene.edu.uy\/informacion-y-comunicacion\/wp-json\/wp\/v2\/posts\/10263\/revisions\/10279"}],"wp:featuredmedia":[{"embeddable":true,"href":"https:\/\/higiene.edu.uy\/informacion-y-comunicacion\/wp-json\/wp\/v2\/media\/10266"}],"wp:attachment":[{"href":"https:\/\/higiene.edu.uy\/informacion-y-comunicacion\/wp-json\/wp\/v2\/media?parent=10263"}],"wp:term":[{"taxonomy":"category","embeddable":true,"href":"https:\/\/higiene.edu.uy\/informacion-y-comunicacion\/wp-json\/wp\/v2\/categories?post=10263"},{"taxonomy":"post_tag","embeddable":true,"href":"https:\/\/higiene.edu.uy\/informacion-y-comunicacion\/wp-json\/wp\/v2\/tags?post=10263"}],"curies":[{"name":"wp","href":"https:\/\/api.w.org\/{rel}","templated":true}]}}