{"id":10259,"date":"2025-09-03T12:00:26","date_gmt":"2025-09-03T15:00:26","guid":{"rendered":"https:\/\/higiene.edu.uy\/informacion-y-comunicacion\/?p=10259"},"modified":"2025-09-03T12:00:26","modified_gmt":"2025-09-03T15:00:26","slug":"dia-nacional-del-bibliotecologo-2025-agentes-de-transformacion-en-la-era-digital","status":"publish","type":"post","link":"https:\/\/higiene.edu.uy\/informacion-y-comunicacion\/2025\/09\/03\/dia-nacional-del-bibliotecologo-2025-agentes-de-transformacion-en-la-era-digital\/","title":{"rendered":"D\u00eda Nacional del Bibliotec\u00f3logo 2025: agentes de transformaci\u00f3n en la era digital"},"content":{"rendered":"<p>Cada 3 de septiembre,\u00a0 se celebra en Uruguay el D\u00eda del Bibliotec\u00f3logo, una fecha que conmemora el primer Congreso Uruguayo de Bibliotecolog\u00eda e Informaci\u00f3n realizado en 2003. Este d\u00eda es un recordatorio del papel crucial que desempe\u00f1an estos profesionales en la sociedad uruguaya, facilitando el acceso al conocimiento y la cultura.<\/p>\n<p>Desde el Departamento de Informaci\u00f3n y Comunicaci\u00f3n compartimos la siguiente reflexi\u00f3n:<\/p>\n<p><em>La profesi\u00f3n ha evolucionado, su esencia ha trascendido el tiempo: el bibliotec\u00f3logo o profesional de la informaci\u00f3n es un agente de transformaci\u00f3n, que facilita el acceso al conocimiento y la cultura en la era de las nuevas tecnolog\u00edas emergentes. Nuestra misi\u00f3n es clara: democratizar la informaci\u00f3n.<\/em><\/p>\n<p><em>Con la llegada de la inteligencia artificial, el desaf\u00edo es a\u00fan mayor, pero tambi\u00e9n se abren nuevas puertas. Es fundamental utilizar estas herramientas para difundir la ciencia nacional, gestionar la informaci\u00f3n de manera eficiente, preservar el conocimiento de forma innovadora, adem\u00e1s de promover la lectura.<\/em><\/p>\n<p><em>Para lograrlo, la profesi\u00f3n debe expandirse y es clave integrarse con \u00e1reas afines como la comunicaci\u00f3n, la investigaci\u00f3n, la docencia y la gesti\u00f3n cultural. Esta sinergia permitir\u00e1 a los bibliotec\u00f3logos seguir siendo un pilar fundamental en la sociedad uruguaya, adapt\u00e1ndose a las nuevas demandas y garantizando que el acceso al conocimiento sea un derecho para todos.<\/em><\/p>\n<p>Saludamos a todos los colegas en este d\u00eda.<\/p>\n<p><iframe title=\"D\u00eda Nacional del Bibliotec\u00f3logo 2025: agentes de transformaci\u00f3n en la era digital\" width=\"640\" height=\"360\" src=\"https:\/\/www.youtube.com\/embed\/LnzFy7d8iq4?feature=oembed\" frameborder=\"0\" allow=\"accelerometer; autoplay; clipboard-write; encrypted-media; gyroscope; picture-in-picture; web-share\" referrerpolicy=\"strict-origin-when-cross-origin\" allowfullscreen><\/iframe><\/p>\n","protected":false},"excerpt":{"rendered":"<p>Cada 3 de septiembre,\u00a0 se celebra en Uruguay el D\u00eda del Bibliotec\u00f3logo, una fecha que conmemora el primer Congreso Uruguayo&#8230;<\/p>\n","protected":false},"author":11,"featured_media":10260,"comment_status":"closed","ping_status":"closed","sticky":false,"template":"","format":"standard","meta":{"_acf_changed":false,"footnotes":""},"categories":[1],"tags":[],"class_list":["post-10259","post","type-post","status-publish","format-standard","has-post-thumbnail","hentry","category-biblioteca"],"acf":[],"_links":{"self":[{"href":"https:\/\/higiene.edu.uy\/informacion-y-comunicacion\/wp-json\/wp\/v2\/posts\/10259","targetHints":{"allow":["GET"]}}],"collection":[{"href":"https:\/\/higiene.edu.uy\/informacion-y-comunicacion\/wp-json\/wp\/v2\/posts"}],"about":[{"href":"https:\/\/higiene.edu.uy\/informacion-y-comunicacion\/wp-json\/wp\/v2\/types\/post"}],"author":[{"embeddable":true,"href":"https:\/\/higiene.edu.uy\/informacion-y-comunicacion\/wp-json\/wp\/v2\/users\/11"}],"replies":[{"embeddable":true,"href":"https:\/\/higiene.edu.uy\/informacion-y-comunicacion\/wp-json\/wp\/v2\/comments?post=10259"}],"version-history":[{"count":1,"href":"https:\/\/higiene.edu.uy\/informacion-y-comunicacion\/wp-json\/wp\/v2\/posts\/10259\/revisions"}],"predecessor-version":[{"id":10261,"href":"https:\/\/higiene.edu.uy\/informacion-y-comunicacion\/wp-json\/wp\/v2\/posts\/10259\/revisions\/10261"}],"wp:featuredmedia":[{"embeddable":true,"href":"https:\/\/higiene.edu.uy\/informacion-y-comunicacion\/wp-json\/wp\/v2\/media\/10260"}],"wp:attachment":[{"href":"https:\/\/higiene.edu.uy\/informacion-y-comunicacion\/wp-json\/wp\/v2\/media?parent=10259"}],"wp:term":[{"taxonomy":"category","embeddable":true,"href":"https:\/\/higiene.edu.uy\/informacion-y-comunicacion\/wp-json\/wp\/v2\/categories?post=10259"},{"taxonomy":"post_tag","embeddable":true,"href":"https:\/\/higiene.edu.uy\/informacion-y-comunicacion\/wp-json\/wp\/v2\/tags?post=10259"}],"curies":[{"name":"wp","href":"https:\/\/api.w.org\/{rel}","templated":true}]}}