{"id":10249,"date":"2025-08-27T11:42:21","date_gmt":"2025-08-27T14:42:21","guid":{"rendered":"https:\/\/higiene.edu.uy\/informacion-y-comunicacion\/?p=10249"},"modified":"2025-08-27T11:42:21","modified_gmt":"2025-08-27T14:42:21","slug":"proyecto-produccion-cientifica-institucional-pci-ih-visibilizando-nuestra-investigacion","status":"publish","type":"post","link":"https:\/\/higiene.edu.uy\/informacion-y-comunicacion\/2025\/08\/27\/proyecto-produccion-cientifica-institucional-pci-ih-visibilizando-nuestra-investigacion\/","title":{"rendered":"Proyecto Producci\u00f3n Cient\u00edfica Institucional (PCI-IH): visibilizando nuestra investigaci\u00f3n"},"content":{"rendered":"<p>El departamento de Informaci\u00f3n y Comunicaci\u00f3n del Instituto de Higiene a trav\u00e9s de la secci\u00f3n Biblioteca est\u00e1 llevando a cabo desde fines del a\u00f1o 2023 el\u00a0Proyecto Producci\u00f3n Cient\u00edfica Institucional (PCI-IH), una iniciativa clave para centralizar y potenciar la visibilidad de la producci\u00f3n acad\u00e9mica y cient\u00edfica de nuestra comunidad.<\/p>\n<p>El objetivo del PCI es recopilar toda la producci\u00f3n cient\u00edfica generada en el Instituto de Higiene e incorporarla a repositorios de\u00a0acceso abierto, aumentando as\u00ed el alcance e impacto de los trabajos de nuestros investigadores y fortaleciendo la presencia de la instituci\u00f3n en el \u00e1mbito acad\u00e9mico nacional, regional y global.<\/p>\n<p>Esta gesti\u00f3n tambi\u00e9n permite cumplir con los requisitos de la\u00a0Agencia Nacional de Investigaci\u00f3n e Innovaci\u00f3n (ANII)\u00a0y otros organismos financiadores, asegurando la difusi\u00f3n de la investigaci\u00f3n seg\u00fan est\u00e1ndares actuales.<\/p>\n<p>Todos los trabajos se cargan en\u00a0<a href=\"https:\/\/www.colibri.udelar.edu.uy\/jspui\/\">COLIBRI<\/a>, el repositorio de la Universidad de la Rep\u00fablica, que se conecta con la red nacional\u00a0<a href=\"https:\/\/silo.uy\/vufind\/\">SILO\u00a0<\/a>y la red regional\u00a0<a href=\"https:\/\/www.lareferencia.info\/es\/\">LA REFERENCIA<\/a>, garantizando que nuestras investigaciones sean accesibles a un p\u00fablico amplio y diverso.<\/p>\n<p>Un aspecto central del proyecto es\u00a0analizar las pol\u00edticas editoriales de las revistas donde se publican los trabajos, lo que determina si los mismos pueden ser registrados en el Repositorio COLIBRI y bajo qu\u00e9 condiciones de acceso abierto.<\/p>\n<h3>Participaci\u00f3n en el Proyecto<\/h3>\n<p>El departamento coordina el proceso de recopilaci\u00f3n de informaci\u00f3n, an\u00e1lisis y solicita la colaboraci\u00f3n de los docentes e investigadores enviando referencias de sus publicaciones a <a class=\"gmail-decorated-link gmail-cursor-pointer\" rel=\"noopener\">biblioteca@higiene.edu.uy<\/a>.<\/p>\n<p>Se incluyen:<\/p>\n<ul>\n<li>Art\u00edculos cient\u00edficos (nacionales e internacionales)<\/li>\n<li>P\u00f3steres<\/li>\n<li>Monograf\u00edas de posgrado<\/li>\n<li>Tesis de maestr\u00eda y doctorado<\/li>\n<li>Proyectos de investigaci\u00f3n<\/li>\n<\/ul>\n<p>Es fundamental que las publicaciones consignen correctamente la filiaci\u00f3n institucional:<\/p>\n<p><em>Universidad de la Rep\u00fablica, Facultad de Medicina, Instituto de Higiene, Unidad Acad\u00e9mica xxxx<\/em>.<\/p>\n<p>Tambi\u00e9n se reciben art\u00edculos impresos de autores nacionales relevantes en la historia del Instituto, los cuales ser\u00e1n digitalizados y preservados en la biblioteca.<\/p>\n<h3>Primeros avances<\/h3>\n<p>Se ha iniciado la carga de los primeros art\u00edculos y trabajos, hasta julio 2025, se han registrado 184 publicaciones, que pueden consultarse en el Repositorio COLIBRI:<\/p>\n<p><a class=\"gmail-decorated-link\" href=\"https:\/\/www.colibri.udelar.edu.uy\/jspui\/handle\/20.500.12008\/33109\" rel=\"noopener\">https:\/\/www.colibri.udelar.edu.uy\/jspui\/handle\/20.500.12008\/33109<\/a><\/p>\n<p>Con el PCI,\u00a0fortalecemos la visibilidad y el acceso de nuestra producci\u00f3n cient\u00edfica, preservamos la memoria institucional y promovemos buenas pr\u00e1cticas de publicaci\u00f3n que potencian el impacto global de nuestra investigaci\u00f3n.<\/p>\n","protected":false},"excerpt":{"rendered":"<p>El departamento de Informaci\u00f3n y Comunicaci\u00f3n del Instituto de Higiene a trav\u00e9s de la secci\u00f3n Biblioteca est\u00e1 llevando a cabo&#8230;<\/p>\n","protected":false},"author":11,"featured_media":10251,"comment_status":"closed","ping_status":"closed","sticky":false,"template":"","format":"standard","meta":{"_acf_changed":false,"footnotes":""},"categories":[1],"tags":[],"class_list":["post-10249","post","type-post","status-publish","format-standard","has-post-thumbnail","hentry","category-biblioteca"],"acf":[],"_links":{"self":[{"href":"https:\/\/higiene.edu.uy\/informacion-y-comunicacion\/wp-json\/wp\/v2\/posts\/10249","targetHints":{"allow":["GET"]}}],"collection":[{"href":"https:\/\/higiene.edu.uy\/informacion-y-comunicacion\/wp-json\/wp\/v2\/posts"}],"about":[{"href":"https:\/\/higiene.edu.uy\/informacion-y-comunicacion\/wp-json\/wp\/v2\/types\/post"}],"author":[{"embeddable":true,"href":"https:\/\/higiene.edu.uy\/informacion-y-comunicacion\/wp-json\/wp\/v2\/users\/11"}],"replies":[{"embeddable":true,"href":"https:\/\/higiene.edu.uy\/informacion-y-comunicacion\/wp-json\/wp\/v2\/comments?post=10249"}],"version-history":[{"count":1,"href":"https:\/\/higiene.edu.uy\/informacion-y-comunicacion\/wp-json\/wp\/v2\/posts\/10249\/revisions"}],"predecessor-version":[{"id":10252,"href":"https:\/\/higiene.edu.uy\/informacion-y-comunicacion\/wp-json\/wp\/v2\/posts\/10249\/revisions\/10252"}],"wp:featuredmedia":[{"embeddable":true,"href":"https:\/\/higiene.edu.uy\/informacion-y-comunicacion\/wp-json\/wp\/v2\/media\/10251"}],"wp:attachment":[{"href":"https:\/\/higiene.edu.uy\/informacion-y-comunicacion\/wp-json\/wp\/v2\/media?parent=10249"}],"wp:term":[{"taxonomy":"category","embeddable":true,"href":"https:\/\/higiene.edu.uy\/informacion-y-comunicacion\/wp-json\/wp\/v2\/categories?post=10249"},{"taxonomy":"post_tag","embeddable":true,"href":"https:\/\/higiene.edu.uy\/informacion-y-comunicacion\/wp-json\/wp\/v2\/tags?post=10249"}],"curies":[{"name":"wp","href":"https:\/\/api.w.org\/{rel}","templated":true}]}}