{"id":9109,"date":"2023-07-12T15:26:27","date_gmt":"2023-07-12T18:26:27","guid":{"rendered":"https:\/\/higiene.edu.uy\/desarrollo-biotecnologico\/?p=9109"},"modified":"2023-07-12T15:26:28","modified_gmt":"2023-07-12T18:26:28","slug":"seminario-no-soy-yo-sos-vos-la-ciencia-es-sencilla-lo-dificil-es-entender-a-los-periodistas","status":"publish","type":"post","link":"https:\/\/higiene.edu.uy\/desarrollo-biotecnologico\/2023\/07\/12\/seminario-no-soy-yo-sos-vos-la-ciencia-es-sencilla-lo-dificil-es-entender-a-los-periodistas\/","title":{"rendered":"Seminario \u00abNo soy yo, sos vos. La ciencia es sencilla, lo dif\u00edcil es entender a los periodistas.\u00bb"},"content":{"rendered":"\n<p>En el marco del Ciclo de Seminarios del Departamento de Desarrollo Biotecnol\u00f3gico, tenemos el agrado de invitarlos al seminario&nbsp;<strong>\u00abNo soy yo, sos vos. La ciencia es sencilla, lo dif\u00edcil es entender a los periodistas.\u00bb<\/strong>, a cargo del divulgador cient\u00edfico y editor de la secci\u00f3n Ciencia en el peri\u00f3dico La Diaria&nbsp;<strong>Leo Lagos<\/strong>.<\/p>\n\n\n\n<p>El mismo tendr\u00e1 lugar en la Sala de Seminarios &#8211; Dr. Elbio Gezuele del Instituto de Higiene, el&nbsp;<strong>martes 25 de julio a las 15.00 hs<\/strong>.<\/p>\n\n\n\n<p><strong>Resumen de la disertaci\u00f3n:<\/strong> Es frecuente escuchar que la ciencia es dif\u00edcil de comprender, que habla en jerga, que s\u00f3lo es comprensible -e interesante- para quienes est\u00e1n en ella. Se ha insistido tanto en este punto que no son pocos los investigadores e investigadoras que hasta se han convencido de ello.<\/p>\n\n\n\n<p>En tiempos donde no s\u00f3lo hay que hacer ciencia sino comunicarla, estos prejuicios tienden a reafirmarse cuando las cosas salen mal. Sin embargo, as\u00ed como la ciencia tiene sus particularidades, el periodismo tambi\u00e9n tiene las suyas. Es esa diferencia de expectativas y formas de proceder entre periodistas y cient\u00edficos lo que produce los mayores desencuentros. Sobre eso trata esta charla.<\/p>\n","protected":false},"excerpt":{"rendered":"<p>En el marco del Ciclo de Seminarios del Departamento de Desarrollo Biotecnol\u00f3gico, tenemos el agrado de invitarlos al seminario&nbsp;\u00abNo soy&#8230;<\/p>\n","protected":false},"author":4,"featured_media":9110,"comment_status":"closed","ping_status":"closed","sticky":false,"template":"","format":"standard","meta":{"_acf_changed":false,"footnotes":""},"categories":[1],"tags":[],"class_list":["post-9109","post","type-post","status-publish","format-standard","has-post-thumbnail","hentry","category-departamento-de-desarrollo-biotecnologico"],"acf":[],"_links":{"self":[{"href":"https:\/\/higiene.edu.uy\/desarrollo-biotecnologico\/wp-json\/wp\/v2\/posts\/9109","targetHints":{"allow":["GET"]}}],"collection":[{"href":"https:\/\/higiene.edu.uy\/desarrollo-biotecnologico\/wp-json\/wp\/v2\/posts"}],"about":[{"href":"https:\/\/higiene.edu.uy\/desarrollo-biotecnologico\/wp-json\/wp\/v2\/types\/post"}],"author":[{"embeddable":true,"href":"https:\/\/higiene.edu.uy\/desarrollo-biotecnologico\/wp-json\/wp\/v2\/users\/4"}],"replies":[{"embeddable":true,"href":"https:\/\/higiene.edu.uy\/desarrollo-biotecnologico\/wp-json\/wp\/v2\/comments?post=9109"}],"version-history":[{"count":2,"href":"https:\/\/higiene.edu.uy\/desarrollo-biotecnologico\/wp-json\/wp\/v2\/posts\/9109\/revisions"}],"predecessor-version":[{"id":9112,"href":"https:\/\/higiene.edu.uy\/desarrollo-biotecnologico\/wp-json\/wp\/v2\/posts\/9109\/revisions\/9112"}],"wp:featuredmedia":[{"embeddable":true,"href":"https:\/\/higiene.edu.uy\/desarrollo-biotecnologico\/wp-json\/wp\/v2\/media\/9110"}],"wp:attachment":[{"href":"https:\/\/higiene.edu.uy\/desarrollo-biotecnologico\/wp-json\/wp\/v2\/media?parent=9109"}],"wp:term":[{"taxonomy":"category","embeddable":true,"href":"https:\/\/higiene.edu.uy\/desarrollo-biotecnologico\/wp-json\/wp\/v2\/categories?post=9109"},{"taxonomy":"post_tag","embeddable":true,"href":"https:\/\/higiene.edu.uy\/desarrollo-biotecnologico\/wp-json\/wp\/v2\/tags?post=9109"}],"curies":[{"name":"wp","href":"https:\/\/api.w.org\/{rel}","templated":true}]}}